{"id":27717,"date":"2009-03-17T20:43:46","date_gmt":"2009-03-17T20:43:46","guid":{"rendered":"http:\/\/archiv.szolnoktv.hu\/?p=27717"},"modified":"2021-11-11T19:35:58","modified_gmt":"2021-11-11T19:35:58","slug":"draga-a-temetes","status":"publish","type":"post","link":"http:\/\/archiv.szolnoktv.hu\/?p=27717","title":{"rendered":"Dr\u00e1ga a temet\u00e9s"},"content":{"rendered":"<div class='booster-block booster-read-block'><\/div><p>Megk\u00e9rik az \u00e1r\u00e1t. A temet\u00e9s k\u00f6lts\u00e9ge miatt egyre t\u00f6bben viszik haza szeretteik hamvait. Van ahol d\u00edjcs\u00f6kkent\u00e9ssel igyekeznek elej\u00e9t venni a tendenci\u00e1nak. Szolnokon- ahol egy\u00e9bk\u00e9nt is dr\u00e1ga a szolg\u00e1ltat\u00e1s- nem terveznek hasonl\u00f3 l\u00e9p\u00e9st.<br \/>\nM\u00e9lyen a zsebbe kell ny\u00falni a hozz\u00e1tartoz\u00f3knak, ha a szolnoki temet\u0151ben szeretn\u00e9k v\u00e9gs\u0151 nyugalomra helyezni elhunyt rokonukat. A s\u00edrkert ter\u00fclet\u00e9n a r\u00f3mai- katolikus egyh\u00e1z szabja az \u00e1rakat, a ravataloz\u00f3 d\u00edj\u00e1t az \u00f6nkorm\u00e1nyzat \u00e1llap\u00edtja meg, m\u00edg a temet\u00e9s lebonyol\u00edt\u00e1s\u00e1\u00e9rt a v\u00e1llalkoz\u00f3nak kell fizetni. Mindenek el\u0151tt azonban m\u00e1r megl\u00e9v\u0151, megv\u00e1ltott s\u00edrhelyre van sz\u00fcks\u00e9g, ami a ki\u00e1s\u00e1ssal, bahantol\u00e1ssal, koszor\u00faz\u00e1ssal egy\u00fctt tov\u00e1bbi sz\u00e1zezer forintba ker\u00fcl. A legolcs\u00f3bb s\u00edrk\u0151- kopors\u00f3s temet\u00e9s eset\u00e9n- 280 ezer forintba ker\u00fcl. Ezzel \u00e1t is l\u00e9pt\u00fck a f\u00e9l milli\u00f3t. A temet\u0151gondnok a szolg\u00e1ltat\u00e1s\u00e9rt elk\u00e9rt p\u00e9nzt sokallja,  m\u00edg a v\u00e1llakoz\u00f3 a temet\u0151i d\u00edjakat tartja magasnak. Ut\u00e1nan\u00e9zt\u00fcnk: P\u00e9csen p\u00e9ld\u00e1ul az \u00f6nkorm\u00e1nyzat m\u0171k\u00f6dteti a temet\u0151t. **A d\u00edjakat nemr\u00e9g cs\u00f6kkentett\u00e9k. A s\u00edrhelyek \u00e1ra 20- 60%- kal alacsonyabb mint Szolnokon, m\u00edg az k\u00f6lts\u00e9gek kord\u00e1ban tart\u00e1sa miatt a temet\u00e9ssel kapcsolatos szolg\u00e1ltat\u00e1s teljes k\u00f6r\u00e9t szint\u00e9n kontroll alatt tartja az \u00fczemeltet\u0151. Kecskem\u00e9t ISO min\u0151s\u00edt\u00e9ses k\u00f6ztemet\u0151j\u00e9t szint\u00e9n a helyi \u00f6nkorm\u00e1nyzat Kft.- je \u00fczemelteti. Az \u00e1rakat helyi rendelet szab\u00e1lyozza. A s\u00edrhelyek itt is olcs\u00f3bbak mint Szolnokon. A t\u00f6rekv\u00e9s mindk\u00e9t eml\u00edtett helyen hasonl\u00f3: az \u00e1rak alacsonyan tart\u00e1s\u00e1val igyekeznek magakad\u00e1lyozni azt, hogy a kev\u00e9sb\u00e9 tehet\u0151s hozz\u00e1tartoz\u00f3k otthon t\u00e1rolj\u00e1k szeretteik hamvait.<\/p>\n","protected":false},"excerpt":{"rendered":"<p>Megk\u00e9rik az \u00e1r\u00e1t. A temet\u00e9s k\u00f6lts\u00e9ge miatt egyre t\u00f6bben viszik haza szeretteik hamvait. Van ahol d\u00edjcs\u00f6kkent\u00e9ssel igyekeznek elej\u00e9t venni a tendenci\u00e1nak. Szolnokon- ahol egy\u00e9bk\u00e9nt is dr\u00e1ga a szolg\u00e1ltat\u00e1s- nem terveznek hasonl\u00f3 l\u00e9p\u00e9st. M\u00e9lyen a zsebbe kell ny\u00falni a hozz\u00e1tartoz\u00f3knak, ha a szolnoki temet\u0151ben szeretn\u00e9k v\u00e9gs\u0151 nyugalomra helyezni elhunyt rokonukat. A s\u00edrkert ter\u00fclet\u00e9n a r\u00f3mai- katolikus [&hellip;]<\/p>\n","protected":false},"author":2,"featured_media":0,"comment_status":"open","ping_status":"open","sticky":false,"template":"","format":"standard","meta":[],"categories":[22],"tags":[],"_links":{"self":[{"href":"http:\/\/archiv.szolnoktv.hu\/index.php?rest_route=\/wp\/v2\/posts\/27717"}],"collection":[{"href":"http:\/\/archiv.szolnoktv.hu\/index.php?rest_route=\/wp\/v2\/posts"}],"about":[{"href":"http:\/\/archiv.szolnoktv.hu\/index.php?rest_route=\/wp\/v2\/types\/post"}],"author":[{"embeddable":true,"href":"http:\/\/archiv.szolnoktv.hu\/index.php?rest_route=\/wp\/v2\/users\/2"}],"replies":[{"embeddable":true,"href":"http:\/\/archiv.szolnoktv.hu\/index.php?rest_route=%2Fwp%2Fv2%2Fcomments&post=27717"}],"version-history":[{"count":1,"href":"http:\/\/archiv.szolnoktv.hu\/index.php?rest_route=\/wp\/v2\/posts\/27717\/revisions"}],"predecessor-version":[{"id":27809,"href":"http:\/\/archiv.szolnoktv.hu\/index.php?rest_route=\/wp\/v2\/posts\/27717\/revisions\/27809"}],"wp:attachment":[{"href":"http:\/\/archiv.szolnoktv.hu\/index.php?rest_route=%2Fwp%2Fv2%2Fmedia&parent=27717"}],"wp:term":[{"taxonomy":"category","embeddable":true,"href":"http:\/\/archiv.szolnoktv.hu\/index.php?rest_route=%2Fwp%2Fv2%2Fcategories&post=27717"},{"taxonomy":"post_tag","embeddable":true,"href":"http:\/\/archiv.szolnoktv.hu\/index.php?rest_route=%2Fwp%2Fv2%2Ftags&post=27717"}],"curies":[{"name":"wp","href":"https:\/\/api.w.org\/{rel}","templated":true}]}}