{"id":27716,"date":"2009-03-17T20:42:06","date_gmt":"2009-03-17T20:42:06","guid":{"rendered":"http:\/\/archiv.szolnoktv.hu\/?p=27716"},"modified":"2021-11-11T19:35:58","modified_gmt":"2021-11-11T19:35:58","slug":"aradt-de-mar-apad","status":"publish","type":"post","link":"http:\/\/archiv.szolnoktv.hu\/?p=27716","title":{"rendered":"\u00c1radt, de m\u00e1r apad"},"content":{"rendered":"<div class='booster-block booster-read-block'><\/div><p>Az elm\u00falt napokban k\u00f6zel 6 m\u00e9teres szintre emelkedett Szolnokn\u00e1l a Tisza v\u00edz\u00e1ll\u00e1sa, ezzel azonban m\u00e9g mindig f\u00e9l m\u00e9terrel az els\u0151 v\u00e9dekez\u00e9si szint alatt maradt. Az el\u0151rejelz\u00e9sek szerint a k\u00f6vetkez\u0151 napokban kis mennyis\u00e9g\u0171 csapad\u00e9k v\u00e1rhat\u00f3, \u00edgy a megkezd\u0151d\u00f6tt apad\u00e1s lassulni fog.<br \/>\nAz \u00e1rv\u00edzhelyzet tekintet\u00e9ben megnyugtat\u00f3, hogy a mennyis\u00e9g az ilyenkor szok\u00e1sos \u00e1tlagot sem \u00e9ri el. Ugyan az elm\u00falt hetek \u00e9s napok es\u0151s id\u0151j\u00e1r\u00e1sa miatt a Tisz\u00e1n, 597 centim\u00e9teres tet\u0151z\u00e9ssel levonult egy \u00e1rhull\u00e1m, m\u00e1r m\u00e1r lassan apadni kezdett a foly\u00f3. M\u00e1rcius 16-\u00e1n Szolnokn\u00e1l 596 centim\u00e9tert m\u00e9rtek. A koratavaszi id\u0151szakban gyakoriak az \u00e1rad\u00e1sok, a jelenlegi v\u00edzszint azonban m\u00e9g mindig mintegy f\u00e9l m\u00e9terrel az els\u0151 \u00e1rv\u00edzv\u00e9delmi fokozat alatt van. Lass\u00fa apad\u00e1s kezd\u0151d\u00f6tt a Tisz\u00e1n \u00e9s mell\u00e9kfoly\u00f3in is. Miut\u00e1n a k\u00f6vetkez\u0151 n\u00e9h\u00e1ny napban a v\u00edzgy\u0171jt\u0151n, mind\u00f6ssze 4-5 millim\u00e9ternyi csapad\u00e9k v\u00e1rhat\u00f3, \u00e9s a szeles, meleged\u0151 id\u0151j\u00e1r\u00e1s is kedvez\u0151, a v\u00edzszintcs\u00f6kken\u00e9s nem \u00e1ll meg. S\u0151t: a k\u00f6vetkez\u0151 hetekben \u00fajabb \u00e1rhull\u00e1mnak is kicsi az es\u00e9lye -monbdta a szakember.<\/p>\n","protected":false},"excerpt":{"rendered":"<p>Az elm\u00falt napokban k\u00f6zel 6 m\u00e9teres szintre emelkedett Szolnokn\u00e1l a Tisza v\u00edz\u00e1ll\u00e1sa, ezzel azonban m\u00e9g mindig f\u00e9l m\u00e9terrel az els\u0151 v\u00e9dekez\u00e9si szint alatt maradt. Az el\u0151rejelz\u00e9sek szerint a k\u00f6vetkez\u0151 napokban kis mennyis\u00e9g\u0171 csapad\u00e9k v\u00e1rhat\u00f3, \u00edgy a megkezd\u0151d\u00f6tt apad\u00e1s lassulni fog. Az \u00e1rv\u00edzhelyzet tekintet\u00e9ben megnyugtat\u00f3, hogy a mennyis\u00e9g az ilyenkor szok\u00e1sos \u00e1tlagot sem \u00e9ri el. Ugyan [&hellip;]<\/p>\n","protected":false},"author":2,"featured_media":0,"comment_status":"open","ping_status":"open","sticky":false,"template":"","format":"standard","meta":[],"categories":[22],"tags":[],"_links":{"self":[{"href":"http:\/\/archiv.szolnoktv.hu\/index.php?rest_route=\/wp\/v2\/posts\/27716"}],"collection":[{"href":"http:\/\/archiv.szolnoktv.hu\/index.php?rest_route=\/wp\/v2\/posts"}],"about":[{"href":"http:\/\/archiv.szolnoktv.hu\/index.php?rest_route=\/wp\/v2\/types\/post"}],"author":[{"embeddable":true,"href":"http:\/\/archiv.szolnoktv.hu\/index.php?rest_route=\/wp\/v2\/users\/2"}],"replies":[{"embeddable":true,"href":"http:\/\/archiv.szolnoktv.hu\/index.php?rest_route=%2Fwp%2Fv2%2Fcomments&post=27716"}],"version-history":[{"count":1,"href":"http:\/\/archiv.szolnoktv.hu\/index.php?rest_route=\/wp\/v2\/posts\/27716\/revisions"}],"predecessor-version":[{"id":27810,"href":"http:\/\/archiv.szolnoktv.hu\/index.php?rest_route=\/wp\/v2\/posts\/27716\/revisions\/27810"}],"wp:attachment":[{"href":"http:\/\/archiv.szolnoktv.hu\/index.php?rest_route=%2Fwp%2Fv2%2Fmedia&parent=27716"}],"wp:term":[{"taxonomy":"category","embeddable":true,"href":"http:\/\/archiv.szolnoktv.hu\/index.php?rest_route=%2Fwp%2Fv2%2Fcategories&post=27716"},{"taxonomy":"post_tag","embeddable":true,"href":"http:\/\/archiv.szolnoktv.hu\/index.php?rest_route=%2Fwp%2Fv2%2Ftags&post=27716"}],"curies":[{"name":"wp","href":"https:\/\/api.w.org\/{rel}","templated":true}]}}