{"id":27715,"date":"2009-03-16T18:05:42","date_gmt":"2009-03-16T18:05:42","guid":{"rendered":"http:\/\/archiv.szolnoktv.hu\/?p=27715"},"modified":"2021-11-11T19:35:58","modified_gmt":"2021-11-11T19:35:58","slug":"szolnoki-kituntetettek","status":"publish","type":"post","link":"http:\/\/archiv.szolnoktv.hu\/?p=27715","title":{"rendered":"Szolnoki kit\u00fcntetettek"},"content":{"rendered":"<div class='booster-block booster-read-block'><\/div><p>A Kossuth- \u00e9s Sz\u00e9chenyi D\u00edjakon k\u00edv\u00fcl t\u00f6bb \u00e1llami kit\u00fcntet\u00e9st is \u00e1tadtak a nemzeti \u00fcnnepen. T\u00f6bb szolnoki szem\u00e9lyis\u00e9g munk\u00e1j\u00e1t is elismert\u00e9k: Karczag Ferenc, a Szigligeti Sz\u00ednh\u00e1z sz\u00ednm\u0171v\u00e9sze J\u00e1szai-d\u00edjas lett, Kov\u00e1cs G\u00e1born\u00e9, a Szent-Gy\u00f6rgyi Albert \u00c1ltal\u00e1nos Iskola igazgat\u00f3helyettese a Magyar K\u00f6zt\u00e1rsas\u00e1g ez\u00fcst \u00e9rdemkeresztj\u00e9t kapta.<br \/>\nA sz\u00ednm\u0171v\u00e9szen \u00e9s a pedag\u00f3guson k\u00edv\u00fcl Moln\u00e1r Mikl\u00f3s rend\u0151r ezredes, a megyei rend\u0151r- f\u0151kapit\u00e1nys\u00e1g rend\u00e9szeti igazgat\u00f3j\u00e1nak t\u00f6bb \u00e9vtizedes munk\u00e1j\u00e1t a Magyar K\u00f6zt\u00e1rsas\u00e1gi \u00c9rdemrend Lovagkeresztj\u00e9vel ismert\u00e9k el. Ugyanezt a kit\u00fcntet\u00e9st kapta doktor Szab\u00f3 L\u00e1szl\u00f3 egyetemi tan\u00e1r, a megyei m\u00fazeumok igazgat\u00f3s\u00e1g\u00e1nak nyugalmazott oszt\u00e1lyvezet\u0151je. Magyar K\u00f6zt\u00e1rsas\u00e1gi Arany \u00c9rdemkereszt kit\u00fcntet\u00e9st vehetett \u00e1t doktor Szendrey Csaba, a K\u00f6z\u00e9p- Tisza Vid\u00e9ki K\u00f6rnyezetv\u00e9delmi, Term\u00e9szetv\u00e9delmi \u00e9s V\u00edz\u00fcgyi Fel\u00fcgyel\u0151s\u00e9g m\u0171szaki igazgat\u00f3helyettese.<\/p>\n","protected":false},"excerpt":{"rendered":"<p>A Kossuth- \u00e9s Sz\u00e9chenyi D\u00edjakon k\u00edv\u00fcl t\u00f6bb \u00e1llami kit\u00fcntet\u00e9st is \u00e1tadtak a nemzeti \u00fcnnepen. T\u00f6bb szolnoki szem\u00e9lyis\u00e9g munk\u00e1j\u00e1t is elismert\u00e9k: Karczag Ferenc, a Szigligeti Sz\u00ednh\u00e1z sz\u00ednm\u0171v\u00e9sze J\u00e1szai-d\u00edjas lett, Kov\u00e1cs G\u00e1born\u00e9, a Szent-Gy\u00f6rgyi Albert \u00c1ltal\u00e1nos Iskola igazgat\u00f3helyettese a Magyar K\u00f6zt\u00e1rsas\u00e1g ez\u00fcst \u00e9rdemkeresztj\u00e9t kapta. A sz\u00ednm\u0171v\u00e9szen \u00e9s a pedag\u00f3guson k\u00edv\u00fcl Moln\u00e1r Mikl\u00f3s rend\u0151r ezredes, a megyei rend\u0151r- [&hellip;]<\/p>\n","protected":false},"author":2,"featured_media":0,"comment_status":"open","ping_status":"open","sticky":false,"template":"","format":"standard","meta":[],"categories":[22],"tags":[],"_links":{"self":[{"href":"http:\/\/archiv.szolnoktv.hu\/index.php?rest_route=\/wp\/v2\/posts\/27715"}],"collection":[{"href":"http:\/\/archiv.szolnoktv.hu\/index.php?rest_route=\/wp\/v2\/posts"}],"about":[{"href":"http:\/\/archiv.szolnoktv.hu\/index.php?rest_route=\/wp\/v2\/types\/post"}],"author":[{"embeddable":true,"href":"http:\/\/archiv.szolnoktv.hu\/index.php?rest_route=\/wp\/v2\/users\/2"}],"replies":[{"embeddable":true,"href":"http:\/\/archiv.szolnoktv.hu\/index.php?rest_route=%2Fwp%2Fv2%2Fcomments&post=27715"}],"version-history":[{"count":1,"href":"http:\/\/archiv.szolnoktv.hu\/index.php?rest_route=\/wp\/v2\/posts\/27715\/revisions"}],"predecessor-version":[{"id":27812,"href":"http:\/\/archiv.szolnoktv.hu\/index.php?rest_route=\/wp\/v2\/posts\/27715\/revisions\/27812"}],"wp:attachment":[{"href":"http:\/\/archiv.szolnoktv.hu\/index.php?rest_route=%2Fwp%2Fv2%2Fmedia&parent=27715"}],"wp:term":[{"taxonomy":"category","embeddable":true,"href":"http:\/\/archiv.szolnoktv.hu\/index.php?rest_route=%2Fwp%2Fv2%2Fcategories&post=27715"},{"taxonomy":"post_tag","embeddable":true,"href":"http:\/\/archiv.szolnoktv.hu\/index.php?rest_route=%2Fwp%2Fv2%2Ftags&post=27715"}],"curies":[{"name":"wp","href":"https:\/\/api.w.org\/{rel}","templated":true}]}}