{"id":27714,"date":"2009-03-15T20:19:11","date_gmt":"2009-03-15T20:19:11","guid":{"rendered":"http:\/\/archiv.szolnoktv.hu\/?p=27714"},"modified":"2021-11-11T19:35:59","modified_gmt":"2021-11-11T19:35:59","slug":"kezmuves-foglalkozas","status":"publish","type":"post","link":"http:\/\/archiv.szolnoktv.hu\/?p=27714","title":{"rendered":"K\u00e9zm\u0171ves foglalkoz\u00e1s"},"content":{"rendered":"<div class='booster-block booster-read-block'><\/div><p>Husz\u00e1rosan. A Hild Viktor V\u00e1rosi K\u00f6nyvt\u00e1r szombati k\u00e9zm\u0171vesfoglalkoz\u00e1sa a m\u00e1rcius 15-i \u00fcnnep jegy\u00e9ben telt. A gyerekek husz\u00e1rcs\u00e1k\u00f3kat k\u00e9sz\u00edtettek. Legt\u00f6bbj\u00fck az\u00e9rt, hogy m\u00e1snap a v\u00e1rosi \u00fcnneps\u00e9gre abban mehessenek.<br \/>\nNagy volt a s\u00fcrg\u00e9s szombaton d\u00e9lut\u00e1n a Hild Viktor V\u00e1rosi K\u00f6nyvt\u00e1r gyermekr\u00e9szleg\u00e9n. Az 1848-49-es forradalom \u00e9s szabads\u00e1gharcra eml\u00e9kezve ugyanis husz\u00e1rcs\u00e1k\u00f3t k\u00e9sz\u00edtettek a k\u00e9zm\u0171ves foglalkoz\u00e1son. A l\u00e1nyok \u00fcgyesebbek voltak a hajtogat\u00e1sban, a fi\u00fak viszont jobban tudt\u00e1k, kik voltak a husz\u00e1rok. Arra azonban mindenki tudott v\u00e1laszolni, mit \u00fcnnepl\u00fcnk vas\u00e1rnap. Az elk\u00e9sz\u00fclt husz\u00e1rcs\u00e1k\u00f3k k\u00fcl\u00f6nb\u00f6z\u0151 sorsra jutnak. N\u00e9h\u00e1ny a gyermekszob\u00e1t fogja d\u00edsz\u00edteni, \u00e1m sok cs\u00e1k\u00f3b\u00f3l \u00fcnnepi fejfed\u0151 lesz, mivel tulajdonosa a vas\u00e1rnapi v\u00e1rosi megeml\u00e9kez\u00e9sen viseli majd. A hajtogat\u00e1s, t\u0171z\u00e9s, v\u00e1g\u00e1s \u00e9s ragaszt\u00e1s mellett tud\u00e1sukat is gyarap\u00edthatt\u00e1k a gyerekek, mivel a foglalkoz\u00e1s alatt 48-as dalokat tanulhattak, valamint a szabads\u00e1gharc esem\u00e9nyeit \u00e9s nagy alakjait bemutat\u00f3 diak\u00e9peket n\u00e9zegethettek. A k\u00f6vetkez\u0151 k\u00e9zm\u0171ves foglalkoz\u00e1son a h\u00fasv\u00e9ti n\u00e9pszok\u00e1sokat eleven\u00edtik fel.<\/p>\n","protected":false},"excerpt":{"rendered":"<p>Husz\u00e1rosan. A Hild Viktor V\u00e1rosi K\u00f6nyvt\u00e1r szombati k\u00e9zm\u0171vesfoglalkoz\u00e1sa a m\u00e1rcius 15-i \u00fcnnep jegy\u00e9ben telt. A gyerekek husz\u00e1rcs\u00e1k\u00f3kat k\u00e9sz\u00edtettek. Legt\u00f6bbj\u00fck az\u00e9rt, hogy m\u00e1snap a v\u00e1rosi \u00fcnneps\u00e9gre abban mehessenek. Nagy volt a s\u00fcrg\u00e9s szombaton d\u00e9lut\u00e1n a Hild Viktor V\u00e1rosi K\u00f6nyvt\u00e1r gyermekr\u00e9szleg\u00e9n. Az 1848-49-es forradalom \u00e9s szabads\u00e1gharcra eml\u00e9kezve ugyanis husz\u00e1rcs\u00e1k\u00f3t k\u00e9sz\u00edtettek a k\u00e9zm\u0171ves foglalkoz\u00e1son. A l\u00e1nyok \u00fcgyesebbek voltak [&hellip;]<\/p>\n","protected":false},"author":2,"featured_media":0,"comment_status":"open","ping_status":"open","sticky":false,"template":"","format":"standard","meta":[],"categories":[22],"tags":[],"_links":{"self":[{"href":"http:\/\/archiv.szolnoktv.hu\/index.php?rest_route=\/wp\/v2\/posts\/27714"}],"collection":[{"href":"http:\/\/archiv.szolnoktv.hu\/index.php?rest_route=\/wp\/v2\/posts"}],"about":[{"href":"http:\/\/archiv.szolnoktv.hu\/index.php?rest_route=\/wp\/v2\/types\/post"}],"author":[{"embeddable":true,"href":"http:\/\/archiv.szolnoktv.hu\/index.php?rest_route=\/wp\/v2\/users\/2"}],"replies":[{"embeddable":true,"href":"http:\/\/archiv.szolnoktv.hu\/index.php?rest_route=%2Fwp%2Fv2%2Fcomments&post=27714"}],"version-history":[{"count":1,"href":"http:\/\/archiv.szolnoktv.hu\/index.php?rest_route=\/wp\/v2\/posts\/27714\/revisions"}],"predecessor-version":[{"id":27814,"href":"http:\/\/archiv.szolnoktv.hu\/index.php?rest_route=\/wp\/v2\/posts\/27714\/revisions\/27814"}],"wp:attachment":[{"href":"http:\/\/archiv.szolnoktv.hu\/index.php?rest_route=%2Fwp%2Fv2%2Fmedia&parent=27714"}],"wp:term":[{"taxonomy":"category","embeddable":true,"href":"http:\/\/archiv.szolnoktv.hu\/index.php?rest_route=%2Fwp%2Fv2%2Fcategories&post=27714"},{"taxonomy":"post_tag","embeddable":true,"href":"http:\/\/archiv.szolnoktv.hu\/index.php?rest_route=%2Fwp%2Fv2%2Ftags&post=27714"}],"curies":[{"name":"wp","href":"https:\/\/api.w.org\/{rel}","templated":true}]}}