{"id":27713,"date":"2009-03-15T20:18:28","date_gmt":"2009-03-15T20:18:28","guid":{"rendered":"http:\/\/archiv.szolnoktv.hu\/?p=27713"},"modified":"2021-11-11T19:35:59","modified_gmt":"2021-11-11T19:35:59","slug":"marcius-15-i-megemlekezes","status":"publish","type":"post","link":"http:\/\/archiv.szolnoktv.hu\/?p=27713","title":{"rendered":"M\u00e1rcius 15-i megeml\u00e9kez\u00e9s"},"content":{"rendered":"<div class='booster-block booster-read-block'><\/div><p>Az 1848-49-es forradalom \u00e9s szabads\u00e1gharc 160 \u00e9ves \u00e9vfordul\u00f3j\u00e1ra eml\u00e9kezett vas\u00e1rnap a v\u00e1ros. A Kossuth t\u00e9ren \u00fcnnepi m\u0171sorral \u00e9s lovasbemutat\u00f3val v\u00e1rt\u00e1k az \u00e9rdekl\u0151d\u0151ket, majd a Damjanich szoborn\u00e1l folytat\u00f3dott a megeml\u00e9kez\u00e9s a polg\u00e1rmester \u00fcnnepi besz\u00e9d\u00e9vel \u00e9s koszor\u00faz\u00e1ssal.<br \/>\nA Szigligeti Sz\u00ednh\u00e1z \u00e9s a Tisza T\u00e1ncegy\u00fcttes k\u00f6z\u00f6s m\u0171sor\u00e1val kezd\u0151d\u00f6tt az \u00fcnnepi megeml\u00e9kez\u00e9s a Kossuth t\u00e9ren. A m\u0171v\u00e9szek el\u0151ad\u00e1s\u00e1ban ismert 48-as dalokat \u00e9s verseket hallhatott a k\u00f6z\u00f6ns\u00e9g. A m\u0171sor ut\u00e1n  &#8211; a gyerekek legnagyobb \u00f6r\u00f6m\u00e9re &#8211; a lovasbemutat\u00f3 k\u00f6vetkezett. A 48-as katon\u00e1kat a szolnoki Kentaur Lovasudvar lovasai \u00e9s a J\u00e1szd\u00f3zsai Husz\u00e1rok keltett\u00e9k \u00e9letre. Az \u00fcnnepi m\u0171sor v\u00e9g\u00e9n a t\u00f6rt\u00e9nelmi felvonul\u00e1s k\u00eds\u00e9ret\u00e9ben a r\u00e9sztvev\u0151k a Damjanich szoborhoz vonultak. A megeml\u00e9kez\u00e9s a Magyar \u00c1llami Operah\u00e1z k\u00e9t m\u0171v\u00e9sz\u00e9nek m\u0171sor\u00e1val folytat\u00f3dott: Lacz\u00f3 Andr\u00e1s \u00e9s Sztankovits B\u00e9la adott el\u0151 48-as dalokat. A m\u0171sor ut\u00e1n Szolnok polg\u00e1rmestere mondott \u00fcnnepi besz\u00e9det. Szalay Ferenc hangs\u00falyozta, m\u00e1s \u00e9rtelemben mint 1848-ban, de ma is forradalmi id\u0151ket \u00e9l\u00fcnk. Jelent\u0151s v\u00e1ltoz\u00e1sokra lesz sz\u00fcks\u00e9g\u00fcnk, ha er\u0151s orsz\u00e1got akarunk, \u00e9s arra kell t\u00f6rekedn\u00fcnk, hogy ezek a v\u00e1ltoz\u00e1sok alkotm\u00e1nyos m\u00f3dszerekkel, b\u00e9k\u00e9s \u00faton menjenek v\u00e9gbe. A szabads\u00e1gharc katonai \u00e9s politikai sikereihez rengeteg \u00e1ldozatra, lemond\u00e1sra volt sz\u00fcks\u00e9g. Sokan, ha kellett, \u00e9let\u00fcket \u00e1ldozt\u00e1k a haz\u00e1\u00e9rt. Magyarorsz\u00e1g csak \u00fagy tud a mai v\u00e1ls\u00e1g g\u00f6dr\u00e9b\u0151l kil\u00e1balni, ha \u00e1ldozatokat hozunk \u00e9rte &#8211; de mindezt k\u00f6z\u00f6sen, egy\u00fctt, egys\u00e9ges nemzetk\u00e9nt.   Akkor egy k\u00fcls\u0151 ellens\u00e9ggel kellett megv\u00edvni a harcot, ma viszont magunkat kell legy\u0151zni ahhoz, hogy a magyar nemzet \u00fajra felemelkedjen. A polg\u00e1rmester besz\u00e9de ut\u00e1n a koszor\u00faz\u00e1s k\u00f6vetkezett, majd az \u00fcnnepi szentmis\u00e9vel z\u00e1rult a megeml\u00e9kez\u00e9s a V\u00e1rtemplomban.<\/p>\n","protected":false},"excerpt":{"rendered":"<p>Az 1848-49-es forradalom \u00e9s szabads\u00e1gharc 160 \u00e9ves \u00e9vfordul\u00f3j\u00e1ra eml\u00e9kezett vas\u00e1rnap a v\u00e1ros. A Kossuth t\u00e9ren \u00fcnnepi m\u0171sorral \u00e9s lovasbemutat\u00f3val v\u00e1rt\u00e1k az \u00e9rdekl\u0151d\u0151ket, majd a Damjanich szoborn\u00e1l folytat\u00f3dott a megeml\u00e9kez\u00e9s a polg\u00e1rmester \u00fcnnepi besz\u00e9d\u00e9vel \u00e9s koszor\u00faz\u00e1ssal. A Szigligeti Sz\u00ednh\u00e1z \u00e9s a Tisza T\u00e1ncegy\u00fcttes k\u00f6z\u00f6s m\u0171sor\u00e1val kezd\u0151d\u00f6tt az \u00fcnnepi megeml\u00e9kez\u00e9s a Kossuth t\u00e9ren. A m\u0171v\u00e9szek el\u0151ad\u00e1s\u00e1ban ismert [&hellip;]<\/p>\n","protected":false},"author":2,"featured_media":0,"comment_status":"open","ping_status":"open","sticky":false,"template":"","format":"standard","meta":[],"categories":[22],"tags":[],"_links":{"self":[{"href":"http:\/\/archiv.szolnoktv.hu\/index.php?rest_route=\/wp\/v2\/posts\/27713"}],"collection":[{"href":"http:\/\/archiv.szolnoktv.hu\/index.php?rest_route=\/wp\/v2\/posts"}],"about":[{"href":"http:\/\/archiv.szolnoktv.hu\/index.php?rest_route=\/wp\/v2\/types\/post"}],"author":[{"embeddable":true,"href":"http:\/\/archiv.szolnoktv.hu\/index.php?rest_route=\/wp\/v2\/users\/2"}],"replies":[{"embeddable":true,"href":"http:\/\/archiv.szolnoktv.hu\/index.php?rest_route=%2Fwp%2Fv2%2Fcomments&post=27713"}],"version-history":[{"count":1,"href":"http:\/\/archiv.szolnoktv.hu\/index.php?rest_route=\/wp\/v2\/posts\/27713\/revisions"}],"predecessor-version":[{"id":27815,"href":"http:\/\/archiv.szolnoktv.hu\/index.php?rest_route=\/wp\/v2\/posts\/27713\/revisions\/27815"}],"wp:attachment":[{"href":"http:\/\/archiv.szolnoktv.hu\/index.php?rest_route=%2Fwp%2Fv2%2Fmedia&parent=27713"}],"wp:term":[{"taxonomy":"category","embeddable":true,"href":"http:\/\/archiv.szolnoktv.hu\/index.php?rest_route=%2Fwp%2Fv2%2Fcategories&post=27713"},{"taxonomy":"post_tag","embeddable":true,"href":"http:\/\/archiv.szolnoktv.hu\/index.php?rest_route=%2Fwp%2Fv2%2Ftags&post=27713"}],"curies":[{"name":"wp","href":"https:\/\/api.w.org\/{rel}","templated":true}]}}