{"id":27712,"date":"2009-03-15T20:17:43","date_gmt":"2009-03-15T20:17:43","guid":{"rendered":"http:\/\/archiv.szolnoktv.hu\/?p=27712"},"modified":"2021-11-11T19:35:59","modified_gmt":"2021-11-11T19:35:59","slug":"bezar-a-jegpalya","status":"publish","type":"post","link":"http:\/\/archiv.szolnoktv.hu\/?p=27712","title":{"rendered":"Bez\u00e1r a j\u00e9gp\u00e1lya"},"content":{"rendered":"<div class='booster-block booster-read-block'><\/div><p>Sz\u00e1z napig j\u00e9g. Ez a vas\u00e1rnap volt az idei t\u00e9l utols\u00f3 napja, m\u00e1r ami a s\u00e1tor al\u00e1 b\u00fajtatott j\u00e9gp\u00e1ly\u00e1t illeti. <br \/>\nJ\u00e9gvil\u00e1g. Holnapra m\u00e1r csak nedves betonfel\u00fclet, ami ma m\u00e9g a korcsoly\u00e1k karcolta fagyott v\u00edz. Bez\u00e1rt erre a szezonra a j\u00e9gp\u00e1lya. Nem \u00edg\u00e9rt sz\u00e1z napot, csup\u00e1n jeget \u00e9s azt legal\u00e1bb a p\u00e1lya \u00fczemeltet\u0151je betartotta. Az \u00fcnnep vas\u00e1rnapj\u00e1n a hokisok verseng\u00e9se volt a l\u00e1tnival\u00f3. \u00d6t csapat kergette a pakkot, a csapatokban fiatalok \u00e9s nem annyira fiatalok. Nekik nem az eredm\u00e9ny volt igaz\u00e1n a fontos, hanem a r\u00e9szv\u00e9tel. D\u00e9lut\u00e1n m\u00e9g n\u00e9h\u00e1ny \u00f3r\u00e1ra az igazi civilek is korcsoly\u00e1t h\u00fazhattak, hogy b\u00facs\u00faztass\u00e1k a jeges \u00e9vadot. Ez volt a szolnoki j\u00e9gp\u00e1lya r\u00f6vid \u00e9let\u00e9nek legsikeresebb esztendeje. December k\u00f6zepe \u00f3ta harminch\u00e1rom ezer ember pr\u00f3b\u00e1lkozott megbirk\u00f3zni a cs\u00fasz\u00f3s fel\u00fclettel. M\u00e9g fizettek is a nagy huppan\u00e1sok\u00e9rt. Az igazi siker azonban az volt, hogy nyolcezern\u00e9l is t\u00f6bb di\u00e1k l\u00e1togatott a s\u00e1tor al\u00e1, hogy sportoljon, j\u00e1tsszon. A h\u00e1zigazda sportcentrum \u00f6r\u00fcl a sikernek. Azt mondt\u00e1k: j\u00f6v\u0151re veletek, ugyanitt.<\/p>\n","protected":false},"excerpt":{"rendered":"<p>Sz\u00e1z napig j\u00e9g. Ez a vas\u00e1rnap volt az idei t\u00e9l utols\u00f3 napja, m\u00e1r ami a s\u00e1tor al\u00e1 b\u00fajtatott j\u00e9gp\u00e1ly\u00e1t illeti. J\u00e9gvil\u00e1g. Holnapra m\u00e1r csak nedves betonfel\u00fclet, ami ma m\u00e9g a korcsoly\u00e1k karcolta fagyott v\u00edz. Bez\u00e1rt erre a szezonra a j\u00e9gp\u00e1lya. Nem \u00edg\u00e9rt sz\u00e1z napot, csup\u00e1n jeget \u00e9s azt legal\u00e1bb a p\u00e1lya \u00fczemeltet\u0151je betartotta. Az \u00fcnnep [&hellip;]<\/p>\n","protected":false},"author":2,"featured_media":0,"comment_status":"open","ping_status":"open","sticky":false,"template":"","format":"standard","meta":[],"categories":[22],"tags":[],"_links":{"self":[{"href":"http:\/\/archiv.szolnoktv.hu\/index.php?rest_route=\/wp\/v2\/posts\/27712"}],"collection":[{"href":"http:\/\/archiv.szolnoktv.hu\/index.php?rest_route=\/wp\/v2\/posts"}],"about":[{"href":"http:\/\/archiv.szolnoktv.hu\/index.php?rest_route=\/wp\/v2\/types\/post"}],"author":[{"embeddable":true,"href":"http:\/\/archiv.szolnoktv.hu\/index.php?rest_route=\/wp\/v2\/users\/2"}],"replies":[{"embeddable":true,"href":"http:\/\/archiv.szolnoktv.hu\/index.php?rest_route=%2Fwp%2Fv2%2Fcomments&post=27712"}],"version-history":[{"count":1,"href":"http:\/\/archiv.szolnoktv.hu\/index.php?rest_route=\/wp\/v2\/posts\/27712\/revisions"}],"predecessor-version":[{"id":27816,"href":"http:\/\/archiv.szolnoktv.hu\/index.php?rest_route=\/wp\/v2\/posts\/27712\/revisions\/27816"}],"wp:attachment":[{"href":"http:\/\/archiv.szolnoktv.hu\/index.php?rest_route=%2Fwp%2Fv2%2Fmedia&parent=27712"}],"wp:term":[{"taxonomy":"category","embeddable":true,"href":"http:\/\/archiv.szolnoktv.hu\/index.php?rest_route=%2Fwp%2Fv2%2Fcategories&post=27712"},{"taxonomy":"post_tag","embeddable":true,"href":"http:\/\/archiv.szolnoktv.hu\/index.php?rest_route=%2Fwp%2Fv2%2Ftags&post=27712"}],"curies":[{"name":"wp","href":"https:\/\/api.w.org\/{rel}","templated":true}]}}