{"id":27711,"date":"2009-03-12T20:19:06","date_gmt":"2009-03-12T20:19:06","guid":{"rendered":"http:\/\/archiv.szolnoktv.hu\/?p=27711"},"modified":"2021-11-11T19:35:59","modified_gmt":"2021-11-11T19:35:59","slug":"hirdetotablak","status":"publish","type":"post","link":"http:\/\/archiv.szolnoktv.hu\/?p=27711","title":{"rendered":"Hirdet\u0151t\u00e1bl\u00e1k"},"content":{"rendered":"<div class='booster-block booster-read-block'><\/div><p>Megreform\u00e1lt hirdet\u0151t\u00e1bl\u00e1k. A v\u00e1rosban tal\u00e1lhat\u00f3 \u00f6sszes rekl\u00e1mfel\u00fclet egys\u00e9ges lesz. Err\u0151l sz\u00f3l az \u00f6nkorm\u00e1nyzat janu\u00e1rt\u00f3l \u00e9rv\u00e9nyes rendelete. A betartat\u00e1sr\u00f3l egy budapesti c\u00e9g gondoskodik.<br \/>\nEgys\u00e9ges rekl\u00e1mfel\u00fcleteket akar a v\u00e1ros vezet\u00e9se. Az elavult \u00e9s r\u00e9gi hirdet\u0151t\u00e1bl\u00e1kat hamarosan lecser\u00e9lik. Ezzel egy budapesti c\u00e9get b\u00edztak meg, ami v\u00e1llalta, hogy a k\u00f6vetkez\u0151 \u00e9vekben nemcsak egys\u00e9ges\u00edti a Szolnokon tal\u00e1lhat\u00f3 utcai rekl\u00e1mhordoz\u00f3kat, hanem rendszeresen karbantartja azokat. A hirdet\u0151k a k\u00e9s\u0151bbiekben t\u0151l\u00fck vehetik b\u00e9rbe a fel\u00fcleteket. Ez\u00e9rt az Euro Publicity Kft. \u00e9vente 15 milli\u00f3 forintot fizet. Nem mell\u00e9kes, hogy az \u00f6nkorm\u00e1nyzat a kor\u00e1bbi \u00e9vekben a rekl\u00e1mhordoz\u00f3k b\u00e9rbead\u00e1s\u00e1b\u00f3l ennek csak t\u00f6red\u00e9k\u00e9t tudta beszedni.<\/p>\n","protected":false},"excerpt":{"rendered":"<p>Megreform\u00e1lt hirdet\u0151t\u00e1bl\u00e1k. A v\u00e1rosban tal\u00e1lhat\u00f3 \u00f6sszes rekl\u00e1mfel\u00fclet egys\u00e9ges lesz. Err\u0151l sz\u00f3l az \u00f6nkorm\u00e1nyzat janu\u00e1rt\u00f3l \u00e9rv\u00e9nyes rendelete. A betartat\u00e1sr\u00f3l egy budapesti c\u00e9g gondoskodik. Egys\u00e9ges rekl\u00e1mfel\u00fcleteket akar a v\u00e1ros vezet\u00e9se. Az elavult \u00e9s r\u00e9gi hirdet\u0151t\u00e1bl\u00e1kat hamarosan lecser\u00e9lik. Ezzel egy budapesti c\u00e9get b\u00edztak meg, ami v\u00e1llalta, hogy a k\u00f6vetkez\u0151 \u00e9vekben nemcsak egys\u00e9ges\u00edti a Szolnokon tal\u00e1lhat\u00f3 utcai rekl\u00e1mhordoz\u00f3kat, hanem [&hellip;]<\/p>\n","protected":false},"author":2,"featured_media":0,"comment_status":"open","ping_status":"open","sticky":false,"template":"","format":"standard","meta":[],"categories":[22],"tags":[],"_links":{"self":[{"href":"http:\/\/archiv.szolnoktv.hu\/index.php?rest_route=\/wp\/v2\/posts\/27711"}],"collection":[{"href":"http:\/\/archiv.szolnoktv.hu\/index.php?rest_route=\/wp\/v2\/posts"}],"about":[{"href":"http:\/\/archiv.szolnoktv.hu\/index.php?rest_route=\/wp\/v2\/types\/post"}],"author":[{"embeddable":true,"href":"http:\/\/archiv.szolnoktv.hu\/index.php?rest_route=\/wp\/v2\/users\/2"}],"replies":[{"embeddable":true,"href":"http:\/\/archiv.szolnoktv.hu\/index.php?rest_route=%2Fwp%2Fv2%2Fcomments&post=27711"}],"version-history":[{"count":1,"href":"http:\/\/archiv.szolnoktv.hu\/index.php?rest_route=\/wp\/v2\/posts\/27711\/revisions"}],"predecessor-version":[{"id":27818,"href":"http:\/\/archiv.szolnoktv.hu\/index.php?rest_route=\/wp\/v2\/posts\/27711\/revisions\/27818"}],"wp:attachment":[{"href":"http:\/\/archiv.szolnoktv.hu\/index.php?rest_route=%2Fwp%2Fv2%2Fmedia&parent=27711"}],"wp:term":[{"taxonomy":"category","embeddable":true,"href":"http:\/\/archiv.szolnoktv.hu\/index.php?rest_route=%2Fwp%2Fv2%2Fcategories&post=27711"},{"taxonomy":"post_tag","embeddable":true,"href":"http:\/\/archiv.szolnoktv.hu\/index.php?rest_route=%2Fwp%2Fv2%2Ftags&post=27711"}],"curies":[{"name":"wp","href":"https:\/\/api.w.org\/{rel}","templated":true}]}}