{"id":27710,"date":"2009-03-12T20:18:01","date_gmt":"2009-03-12T20:18:01","guid":{"rendered":"http:\/\/archiv.szolnoktv.hu\/?p=27710"},"modified":"2021-11-11T19:35:59","modified_gmt":"2021-11-11T19:35:59","slug":"leveltari-kiallitas","status":"publish","type":"post","link":"http:\/\/archiv.szolnoktv.hu\/?p=27710","title":{"rendered":"Lev\u00e9lt\u00e1ri ki\u00e1ll\u00edt\u00e1s"},"content":{"rendered":"<div class='booster-block booster-read-block'><\/div><p>\u00c9vfordul\u00f3ra eml\u00e9kezve. A 1848-49-es esem\u00e9nyeket feleleven\u00edt\u0151 ki\u00e1ll\u00edt\u00e1s ny\u00edlt a szolnoki lev\u00e9lt\u00e1rban. Az \u00e9rdekl\u0151d\u0151k eredeti dokumentumokat \u00e9s feljegyz\u00e9seket tekinthetnek meg.<br \/>\nD\u00edsz\u0151rs\u00e9g v\u00e1rta a ki\u00e1ll\u00edt\u00e1sra \u00e9rkez\u0151ket a lev\u00e9lt\u00e1r bej\u00e1rat\u00e1n\u00e1l.  Az 1848-49-es forradalom \u00e9s szabads\u00e1gharccal kapcsolatos ki\u00e1ll\u00edt\u00e1s megnyit\u00f3j\u00e1n a II. R\u00e1k\u00f3czi Ferenc \u00c1ltal\u00e1nos iskola di\u00e1kjai \u00fcnnepi m\u0171sorral kedveskedtek a megjelenteknek. A ki\u00e1ll\u00edt\u00e1s aprop\u00f3j\u00e1t a magyar t\u00f6rt\u00e9nelem meghat\u00e1roz\u00f3 esem\u00e9ny\u00e9nek 160. \u00e9vfordul\u00f3ja adja. A t\u00e1rlat t\u00falnyom\u00f3 r\u00e9sz\u00e9ben eredeti dokumentumokat tekinthetnek meg az \u00e9rdekl\u0151d\u0151k. Itt p\u00e9ld\u00e1ul G\u00f6rgey Art\u00far level\u00e9t vagy \u00e9ppen az els\u0151 magyar minisztereln\u00f6k Batthy\u00e1ny Lajos kinevez\u00e9s\u00e9nek eredeti p\u00e9ld\u00e1ny\u00e1t. A ki\u00e1ll\u00edt\u00e1st sz\u00ednes illusztr\u00e1ci\u00f3k, korabeli versr\u00e9szletek, visszaeml\u00e9kez\u00e9sek eg\u00e9sz\u00edtik ki. A szabads\u00e1gharc neves szem\u00e9lyis\u00e9geit pedig R\u00e1cz Andr\u00e1s k\u00fcl\u00f6nleges koll\u00e1zstechnik\u00e1val k\u00e9sz\u00fclt portr\u00e9i eleven\u00edtik fel. A ki\u00e1ll\u00edt\u00e1s eg\u00e9szen m\u00e1jus 26-ig megtekinthet\u0151.<\/p>\n","protected":false},"excerpt":{"rendered":"<p>\u00c9vfordul\u00f3ra eml\u00e9kezve. A 1848-49-es esem\u00e9nyeket feleleven\u00edt\u0151 ki\u00e1ll\u00edt\u00e1s ny\u00edlt a szolnoki lev\u00e9lt\u00e1rban. Az \u00e9rdekl\u0151d\u0151k eredeti dokumentumokat \u00e9s feljegyz\u00e9seket tekinthetnek meg. D\u00edsz\u0151rs\u00e9g v\u00e1rta a ki\u00e1ll\u00edt\u00e1sra \u00e9rkez\u0151ket a lev\u00e9lt\u00e1r bej\u00e1rat\u00e1n\u00e1l. Az 1848-49-es forradalom \u00e9s szabads\u00e1gharccal kapcsolatos ki\u00e1ll\u00edt\u00e1s megnyit\u00f3j\u00e1n a II. R\u00e1k\u00f3czi Ferenc \u00c1ltal\u00e1nos iskola di\u00e1kjai \u00fcnnepi m\u0171sorral kedveskedtek a megjelenteknek. A ki\u00e1ll\u00edt\u00e1s aprop\u00f3j\u00e1t a magyar t\u00f6rt\u00e9nelem meghat\u00e1roz\u00f3 esem\u00e9ny\u00e9nek [&hellip;]<\/p>\n","protected":false},"author":2,"featured_media":0,"comment_status":"open","ping_status":"open","sticky":false,"template":"","format":"standard","meta":[],"categories":[22],"tags":[],"_links":{"self":[{"href":"http:\/\/archiv.szolnoktv.hu\/index.php?rest_route=\/wp\/v2\/posts\/27710"}],"collection":[{"href":"http:\/\/archiv.szolnoktv.hu\/index.php?rest_route=\/wp\/v2\/posts"}],"about":[{"href":"http:\/\/archiv.szolnoktv.hu\/index.php?rest_route=\/wp\/v2\/types\/post"}],"author":[{"embeddable":true,"href":"http:\/\/archiv.szolnoktv.hu\/index.php?rest_route=\/wp\/v2\/users\/2"}],"replies":[{"embeddable":true,"href":"http:\/\/archiv.szolnoktv.hu\/index.php?rest_route=%2Fwp%2Fv2%2Fcomments&post=27710"}],"version-history":[{"count":1,"href":"http:\/\/archiv.szolnoktv.hu\/index.php?rest_route=\/wp\/v2\/posts\/27710\/revisions"}],"predecessor-version":[{"id":27819,"href":"http:\/\/archiv.szolnoktv.hu\/index.php?rest_route=\/wp\/v2\/posts\/27710\/revisions\/27819"}],"wp:attachment":[{"href":"http:\/\/archiv.szolnoktv.hu\/index.php?rest_route=%2Fwp%2Fv2%2Fmedia&parent=27710"}],"wp:term":[{"taxonomy":"category","embeddable":true,"href":"http:\/\/archiv.szolnoktv.hu\/index.php?rest_route=%2Fwp%2Fv2%2Fcategories&post=27710"},{"taxonomy":"post_tag","embeddable":true,"href":"http:\/\/archiv.szolnoktv.hu\/index.php?rest_route=%2Fwp%2Fv2%2Ftags&post=27710"}],"curies":[{"name":"wp","href":"https:\/\/api.w.org\/{rel}","templated":true}]}}