{"id":27709,"date":"2009-03-12T20:16:53","date_gmt":"2009-03-12T20:16:53","guid":{"rendered":"http:\/\/archiv.szolnoktv.hu\/?p=27709"},"modified":"2021-11-11T19:35:59","modified_gmt":"2021-11-11T19:35:59","slug":"orosz-vizit","status":"publish","type":"post","link":"http:\/\/archiv.szolnoktv.hu\/?p=27709","title":{"rendered":"Orosz vizit"},"content":{"rendered":"<div class='booster-block booster-read-block'><\/div><p>Szolnokon tett l\u00e1togat\u00e1st Guszev Alexandr Vasziljevics f\u0151konzul. A posztj\u00e1t tavaly szeptember \u00f3ta bet\u00f6lt\u0151 diplomata felaj\u00e1nlotta seg\u00edts\u00e9g\u00e9t a k\u00e9toldal\u00fa kapcsolatok felgyors\u00edt\u00e1sa \u00e9rdek\u00e9ben.<br \/>\nBar\u00e1ti hangv\u00e9tel\u0171 tal\u00e1lkoz\u00f3n fogadta Oroszorsz\u00e1g debreceni f\u0151konzulj\u00e1t Szalay Ferenc Szolnok polg\u00e1rmestere, Fej\u00e9r Andor a megyei k\u00f6zgy\u0171l\u00e9s eln\u00f6ke, Moln\u00e1r Mikl\u00f3s a megyei rend\u0151rf\u0151kapit\u00e1nys\u00e1g rend\u00e9szeti igazgat\u00f3ja \u00e9s Baj\u00e1ri Attila megb\u00edzott v\u00e1rosi rend\u0151rkapit\u00e1ny. Guszev Alexandr Vasziljevics \u00e9s munkat\u00e1rsa r\u00e9szletes t\u00e1j\u00e9koztat\u00e1st kapott a t\u00e9rs\u00e9g t\u00f6rt\u00e9nelm\u00e9r\u0151l, adotts\u00e1gair\u00f3l, ipar\u00e1r\u00f3l, mez\u0151gazdas\u00e1g\u00e1r\u00f3l, idegenforgalm\u00e1r\u00f3l \u00e9s azokr\u00f3l a lehet\u0151s\u00e9gekr\u0151l, amelyek el\u0151seg\u00edthetik a k\u00e9t orsz\u00e1g kapcsolat\u00e1nak szorosabb\u00e1 v\u00e1l\u00e1s\u00e1t. A diplomata \u00f6r\u00f6m\u00e9t fejezte ki, hogy fellend\u00fcl\u0151ben van az \u00e1rusz\u00e1ll\u00edt\u00e1s, \u00fajra kezd\u0151dtek a di\u00e1kcser\u00e9k \u00e9s egyre t\u00f6bb magyar turista keresi fel a vil\u00e1g legnagyobb orsz\u00e1g\u00e1t. Mint a f\u0151konzul elmondta, id\u0151 kell a kapcsolatok \u00fajb\u00f3li rendez\u00e9s\u00e9hez, de \u00fagy l\u00e1tja, j\u00f3 \u00faton haladnak a felek.<\/p>\n","protected":false},"excerpt":{"rendered":"<p>Szolnokon tett l\u00e1togat\u00e1st Guszev Alexandr Vasziljevics f\u0151konzul. A posztj\u00e1t tavaly szeptember \u00f3ta bet\u00f6lt\u0151 diplomata felaj\u00e1nlotta seg\u00edts\u00e9g\u00e9t a k\u00e9toldal\u00fa kapcsolatok felgyors\u00edt\u00e1sa \u00e9rdek\u00e9ben. Bar\u00e1ti hangv\u00e9tel\u0171 tal\u00e1lkoz\u00f3n fogadta Oroszorsz\u00e1g debreceni f\u0151konzulj\u00e1t Szalay Ferenc Szolnok polg\u00e1rmestere, Fej\u00e9r Andor a megyei k\u00f6zgy\u0171l\u00e9s eln\u00f6ke, Moln\u00e1r Mikl\u00f3s a megyei rend\u0151rf\u0151kapit\u00e1nys\u00e1g rend\u00e9szeti igazgat\u00f3ja \u00e9s Baj\u00e1ri Attila megb\u00edzott v\u00e1rosi rend\u0151rkapit\u00e1ny. Guszev Alexandr Vasziljevics \u00e9s [&hellip;]<\/p>\n","protected":false},"author":2,"featured_media":0,"comment_status":"open","ping_status":"open","sticky":false,"template":"","format":"standard","meta":[],"categories":[22],"tags":[],"_links":{"self":[{"href":"http:\/\/archiv.szolnoktv.hu\/index.php?rest_route=\/wp\/v2\/posts\/27709"}],"collection":[{"href":"http:\/\/archiv.szolnoktv.hu\/index.php?rest_route=\/wp\/v2\/posts"}],"about":[{"href":"http:\/\/archiv.szolnoktv.hu\/index.php?rest_route=\/wp\/v2\/types\/post"}],"author":[{"embeddable":true,"href":"http:\/\/archiv.szolnoktv.hu\/index.php?rest_route=\/wp\/v2\/users\/2"}],"replies":[{"embeddable":true,"href":"http:\/\/archiv.szolnoktv.hu\/index.php?rest_route=%2Fwp%2Fv2%2Fcomments&post=27709"}],"version-history":[{"count":1,"href":"http:\/\/archiv.szolnoktv.hu\/index.php?rest_route=\/wp\/v2\/posts\/27709\/revisions"}],"predecessor-version":[{"id":27820,"href":"http:\/\/archiv.szolnoktv.hu\/index.php?rest_route=\/wp\/v2\/posts\/27709\/revisions\/27820"}],"wp:attachment":[{"href":"http:\/\/archiv.szolnoktv.hu\/index.php?rest_route=%2Fwp%2Fv2%2Fmedia&parent=27709"}],"wp:term":[{"taxonomy":"category","embeddable":true,"href":"http:\/\/archiv.szolnoktv.hu\/index.php?rest_route=%2Fwp%2Fv2%2Fcategories&post=27709"},{"taxonomy":"post_tag","embeddable":true,"href":"http:\/\/archiv.szolnoktv.hu\/index.php?rest_route=%2Fwp%2Fv2%2Ftags&post=27709"}],"curies":[{"name":"wp","href":"https:\/\/api.w.org\/{rel}","templated":true}]}}