{"id":27707,"date":"2009-03-11T16:45:08","date_gmt":"2009-03-11T16:45:08","guid":{"rendered":"http:\/\/archiv.szolnoktv.hu\/?p=27707"},"modified":"2021-11-11T19:35:59","modified_gmt":"2021-11-11T19:35:59","slug":"ingyenes-tozsdei-tanfolyam","status":"publish","type":"post","link":"http:\/\/archiv.szolnoktv.hu\/?p=27707","title":{"rendered":"Ingyenes t\u0151zsdei tanfolyam"},"content":{"rendered":"<div class='booster-block booster-read-block'><\/div><p>2003-ban ind\u00edtotta el orsz\u00e1gj\u00e1r\u00f3 programj\u00e1t a Budapesti \u00c9rt\u00e9kt\u0151zsde az\u00e9rt,hogy jav\u00edtsa a hazai befektet\u00e9si kult\u00far\u00e1t. Magyarorsz\u00e1g ugyanis  e tekintetben is a sor v\u00e9g\u00e9n kullog. A 19 \u00e9ve \u00fajra indult t\u0151zsde ugyanis m\u00e9g mindig nem el\u00e9g sikeres. A szakemberek szerint t\u00f6bb gener\u00e1ci\u00f3 szeml\u00e9letv\u00e1lt\u00e1sa kell ahhoz, hogy a 40 \u00e9ves fejl\u0151d\u00e9si g\u00e1tat \u00e1tt\u00f6rje. M\u00e9g a k\u00f6zgazd\u00e1szhallgat\u00f3knak sincsenek megfelel\u0151  t\u0151kepiaci, t\u0151zsdei ismeretei.<br \/>A lemarad\u00e1st mi sem jelzi jobban, minthogy a lakoss\u00e1g 70 sz\u00e1zal\u00e9k\u00e1nak egy\u00e1ltal\u00e1n nincsenek befektet\u00e9sei. Nem ritka,hogy a p\u00e9nzt m\u00e9g ma is bef\u0151ttes\u00fcvegben, p\u00e1rnacih\u00e1ban \u0151rzik. <br \/>Az ingyenes oktat\u00e1son nemcsak f\u0151iskolai hallgat\u00f3k, hanem mag\u00e1n- \u00e9s kisbefektet\u0151k is hasznos inform\u00e1ci\u00f3kat kaptak a t\u0151kepiacr\u00f3l, a t\u0151zsd\u00e9r\u0151l, a keresked\u00e9sr\u0151l, a legjobb befektet\u00e9si lehet\u0151s\u00e9gekr\u0151l, az \u00e9rt\u00e9kpap\u00edrt\u00edpusokr\u00f3l s\u0151t az ad\u00f3z\u00e1si k\u00e9rd\u00e9sekr\u0151l is.<\/p>\n","protected":false},"excerpt":{"rendered":"<p>2003-ban ind\u00edtotta el orsz\u00e1gj\u00e1r\u00f3 programj\u00e1t a Budapesti \u00c9rt\u00e9kt\u0151zsde az\u00e9rt,hogy jav\u00edtsa a hazai befektet\u00e9si kult\u00far\u00e1t. Magyarorsz\u00e1g ugyanis e tekintetben is a sor v\u00e9g\u00e9n kullog. A 19 \u00e9ve \u00fajra indult t\u0151zsde ugyanis m\u00e9g mindig nem el\u00e9g sikeres. A szakemberek szerint t\u00f6bb gener\u00e1ci\u00f3 szeml\u00e9letv\u00e1lt\u00e1sa kell ahhoz, hogy a 40 \u00e9ves fejl\u0151d\u00e9si g\u00e1tat \u00e1tt\u00f6rje. M\u00e9g a k\u00f6zgazd\u00e1szhallgat\u00f3knak sincsenek megfelel\u0151 [&hellip;]<\/p>\n","protected":false},"author":2,"featured_media":0,"comment_status":"open","ping_status":"open","sticky":false,"template":"","format":"standard","meta":[],"categories":[22],"tags":[],"_links":{"self":[{"href":"http:\/\/archiv.szolnoktv.hu\/index.php?rest_route=\/wp\/v2\/posts\/27707"}],"collection":[{"href":"http:\/\/archiv.szolnoktv.hu\/index.php?rest_route=\/wp\/v2\/posts"}],"about":[{"href":"http:\/\/archiv.szolnoktv.hu\/index.php?rest_route=\/wp\/v2\/types\/post"}],"author":[{"embeddable":true,"href":"http:\/\/archiv.szolnoktv.hu\/index.php?rest_route=\/wp\/v2\/users\/2"}],"replies":[{"embeddable":true,"href":"http:\/\/archiv.szolnoktv.hu\/index.php?rest_route=%2Fwp%2Fv2%2Fcomments&post=27707"}],"version-history":[{"count":1,"href":"http:\/\/archiv.szolnoktv.hu\/index.php?rest_route=\/wp\/v2\/posts\/27707\/revisions"}],"predecessor-version":[{"id":27823,"href":"http:\/\/archiv.szolnoktv.hu\/index.php?rest_route=\/wp\/v2\/posts\/27707\/revisions\/27823"}],"wp:attachment":[{"href":"http:\/\/archiv.szolnoktv.hu\/index.php?rest_route=%2Fwp%2Fv2%2Fmedia&parent=27707"}],"wp:term":[{"taxonomy":"category","embeddable":true,"href":"http:\/\/archiv.szolnoktv.hu\/index.php?rest_route=%2Fwp%2Fv2%2Fcategories&post=27707"},{"taxonomy":"post_tag","embeddable":true,"href":"http:\/\/archiv.szolnoktv.hu\/index.php?rest_route=%2Fwp%2Fv2%2Ftags&post=27707"}],"curies":[{"name":"wp","href":"https:\/\/api.w.org\/{rel}","templated":true}]}}