{"id":27706,"date":"2009-03-11T16:43:23","date_gmt":"2009-03-11T16:43:23","guid":{"rendered":"http:\/\/archiv.szolnoktv.hu\/?p=27706"},"modified":"2021-11-11T19:36:00","modified_gmt":"2021-11-11T19:36:00","slug":"megemlekezes-a-damjanich-szobornal-2","status":"publish","type":"post","link":"http:\/\/archiv.szolnoktv.hu\/?p=27706","title":{"rendered":"Megeml\u00e9kez\u00e9s a Damjanich-szoborn\u00e1l"},"content":{"rendered":"<div class='booster-block booster-read-block'><\/div><p>K\u00f6z\u00f6sen \u00fcnnepelt\u00e9k a forradalmat. A M\u00e1ltai Szeretetszolg\u00e1lat Gondvisel\u00e9s H\u00e1za, a Szent-Gy\u00f6rgyi Albert \u00c1ltal\u00e1nos Iskola \u00e9s a Tesz-Vesz \u00d3voda nem el\u0151sz\u00f6r k\u00e9sz\u00fcl k\u00f6z\u00f6sen az \u00fcnnepre. A h\u00e1rom int\u00e9zm\u00e9ny k\u00f6z\u00f6tt r\u00e9g\u00f3ta j\u00f3 a kapcsolat, s ez az egy\u00fcttm\u0171k\u00f6d\u00e9s a gyermekekre is j\u00f3 hat\u00e1ssal van.<br \/>\nEgy\u00fctt \u00fcnnepelt\u00e9k az 1848. m\u00e1rcius 15-i \u00e9vfordul\u00f3t a M\u00e1ltai Szeretetszolg\u00e1lat Gondvisel\u00e9s H\u00e1za gondozottjai, a Szent-Gy\u00f6rgyi Albert \u00c1ltal\u00e1nos Iskola di\u00e1kjai \u00e9s a Tesz-Vesz \u00d3voda csemet\u00e9i. A szolnoki Damjanich-szobor el\u0151tt versekkel, \u00e9nekekkel \u00e9s z\u00e1szl\u00f3t\u0171z\u00e9ssel eml\u00e9keztek. A Szent-Gy\u00f6rgyi Albert \u00c1ltal\u00e1nos Iskola r\u00e9g\u00f3ta \u00e1polja a kapcsolatot a M\u00e1ltai Szeretszolg\u00e1lat Fogyat\u00e9kosok Nappali Int\u00e9zm\u00e9ny\u00e9vel, de igaz\u00e1n k\u00f6zel a kar\u00e1csonykor megrendezett szeretetdoboz-akci\u00f3 kapcs\u00e1n ker\u00fcltek egym\u00e1shoz. A k\u00e9t int\u00e9zm\u00e9ny k\u00f6zti egy\u00fcttm\u0171k\u00f6d\u00e9s az\u00e9rt is jelent\u0151s, mert a mostan\u00e1ban egyre nagyobb hangs\u00falyt kap\u00f3 integr\u00e1lt oktat\u00e1sban fontos szerepe van az egy\u00fcttnevel\u00e9snek. A k\u00f6z\u00f6s rendezv\u00e9nyek ugyanis egyik oldalr\u00f3l a t\u00e1rsadalomba val\u00f3 beilleszked\u00e9st, m\u00e1sik oldalr\u00f3l a toleranci\u00e1t er\u0151s\u00edtik. Az \u00fcnneps\u00e9g v\u00e9g\u00e9n a M\u00e1ltai Szeretetszolg\u00e1lat gondozottjai &#8211; m\u00e1r a k\u00f6vetkez\u0151 \u00fcnnepre gondolva &#8211; h\u00fasv\u00e9ti toj\u00e1sokat aj\u00e1nd\u00e9koztak az \u00e1ltal\u00e1nos iskol\u00e1soknak. Az int\u00e9zm\u00e9nyek k\u00f6vetkez\u0151 k\u00f6z\u00f6s \u00fcnneps\u00e9ge a p\u00fcnk\u00f6sdv\u00e1r\u00e1s lesz.<\/p>\n","protected":false},"excerpt":{"rendered":"<p>K\u00f6z\u00f6sen \u00fcnnepelt\u00e9k a forradalmat. A M\u00e1ltai Szeretetszolg\u00e1lat Gondvisel\u00e9s H\u00e1za, a Szent-Gy\u00f6rgyi Albert \u00c1ltal\u00e1nos Iskola \u00e9s a Tesz-Vesz \u00d3voda nem el\u0151sz\u00f6r k\u00e9sz\u00fcl k\u00f6z\u00f6sen az \u00fcnnepre. A h\u00e1rom int\u00e9zm\u00e9ny k\u00f6z\u00f6tt r\u00e9g\u00f3ta j\u00f3 a kapcsolat, s ez az egy\u00fcttm\u0171k\u00f6d\u00e9s a gyermekekre is j\u00f3 hat\u00e1ssal van. Egy\u00fctt \u00fcnnepelt\u00e9k az 1848. m\u00e1rcius 15-i \u00e9vfordul\u00f3t a M\u00e1ltai Szeretetszolg\u00e1lat Gondvisel\u00e9s H\u00e1za gondozottjai, [&hellip;]<\/p>\n","protected":false},"author":2,"featured_media":0,"comment_status":"open","ping_status":"open","sticky":false,"template":"","format":"standard","meta":[],"categories":[22],"tags":[],"_links":{"self":[{"href":"http:\/\/archiv.szolnoktv.hu\/index.php?rest_route=\/wp\/v2\/posts\/27706"}],"collection":[{"href":"http:\/\/archiv.szolnoktv.hu\/index.php?rest_route=\/wp\/v2\/posts"}],"about":[{"href":"http:\/\/archiv.szolnoktv.hu\/index.php?rest_route=\/wp\/v2\/types\/post"}],"author":[{"embeddable":true,"href":"http:\/\/archiv.szolnoktv.hu\/index.php?rest_route=\/wp\/v2\/users\/2"}],"replies":[{"embeddable":true,"href":"http:\/\/archiv.szolnoktv.hu\/index.php?rest_route=%2Fwp%2Fv2%2Fcomments&post=27706"}],"version-history":[{"count":1,"href":"http:\/\/archiv.szolnoktv.hu\/index.php?rest_route=\/wp\/v2\/posts\/27706\/revisions"}],"predecessor-version":[{"id":27824,"href":"http:\/\/archiv.szolnoktv.hu\/index.php?rest_route=\/wp\/v2\/posts\/27706\/revisions\/27824"}],"wp:attachment":[{"href":"http:\/\/archiv.szolnoktv.hu\/index.php?rest_route=%2Fwp%2Fv2%2Fmedia&parent=27706"}],"wp:term":[{"taxonomy":"category","embeddable":true,"href":"http:\/\/archiv.szolnoktv.hu\/index.php?rest_route=%2Fwp%2Fv2%2Fcategories&post=27706"},{"taxonomy":"post_tag","embeddable":true,"href":"http:\/\/archiv.szolnoktv.hu\/index.php?rest_route=%2Fwp%2Fv2%2Ftags&post=27706"}],"curies":[{"name":"wp","href":"https:\/\/api.w.org\/{rel}","templated":true}]}}