{"id":27704,"date":"2009-03-11T16:40:41","date_gmt":"2009-03-11T16:40:41","guid":{"rendered":"http:\/\/archiv.szolnoktv.hu\/?p=27704"},"modified":"2021-11-11T19:36:00","modified_gmt":"2021-11-11T19:36:00","slug":"ujra-fogyaszthato-artezi-viz","status":"publish","type":"post","link":"http:\/\/archiv.szolnoktv.hu\/?p=27704","title":{"rendered":"\u00dajra fogyaszthat\u00f3 \u00e1rt\u00e9zi v\u00edz"},"content":{"rendered":"<div class='booster-block booster-read-block'><\/div><p>Ism\u00e9t lehet vizet venni az Isp\u00e1n k\u00f6r\u00fati \u00e9s a V\u00e1rkonyi t\u00e9ri \u00e1rt\u00e9zi k\u00fatb\u00f3l. A fert\u0151tlen\u00edt\u00e9sre a h\u00e9tv\u00e9g\u00e9n elromlott b\u00fav\u00e1rszivatty\u00fa cser\u00e9je miatt volt sz\u00fcks\u00e9g.<br \/>\n\u201eA k\u00fat fert\u0151tlen\u00edt\u00e9s alatt, emberi \u00e9s \u00e1llati fogyaszt\u00e1sra akalmatlan\u201e. Ezzel a figyelmeztet\u00e9ssel tal\u00e1lkozhattak eg\u00e9szen ma reggelig az \u00e9rintett k\u00e9t kifoly\u00f3t felkeres\u0151k. A t\u00e1bl\u00e1kat levett\u00e9k, a h\u00e9tf\u0151n vett v\u00edzmint\u00e1kat a szaklabor megvizsg\u00e1lta \u00e9s mindent rendben tal\u00e1lt &#8211; t\u00e9j\u00e9koztatta az Aktu\u00e1list a v\u00edz- \u00e9s csatornam\u0171vek szolnoki \u00fczemigazgat\u00f3ja. \u00cdgy a k\u00e9t n\u00e9pszer\u0171 kutat ism\u00e9t haszn\u00e1lhatja a lakoss\u00e1g. Mint ismert, az \u00f3vint\u00e9zked\u00e9sre az\u00e9rt volt sz\u00fcks\u00e9g, mert a h\u00e9t v\u00e9g\u00e9n elromlott a k\u00e9t kifoly\u00f3t 8. \u00e9ve folyamatosan ell\u00e1t\u00f3 b\u00fav\u00e1rszivatty\u00fa. Az \u00fajat h\u00e9tf\u0151n felszerelt\u00e9k, de a k\u00e9nyszer\u0171 \u00fczemsz\u00fcnet miatt el\u0151fordulhatott volna, hogy f\u00f6lszabadul valamilyen k\u00e1ros anyag. Ez\u00e9rt volt sz\u00fcks\u00e9g a fert\u0151tlen\u00edt\u00e9sre \u00e9s a laborvizsg\u00e1latokra.<\/p>\n","protected":false},"excerpt":{"rendered":"<p>Ism\u00e9t lehet vizet venni az Isp\u00e1n k\u00f6r\u00fati \u00e9s a V\u00e1rkonyi t\u00e9ri \u00e1rt\u00e9zi k\u00fatb\u00f3l. A fert\u0151tlen\u00edt\u00e9sre a h\u00e9tv\u00e9g\u00e9n elromlott b\u00fav\u00e1rszivatty\u00fa cser\u00e9je miatt volt sz\u00fcks\u00e9g. \u201eA k\u00fat fert\u0151tlen\u00edt\u00e9s alatt, emberi \u00e9s \u00e1llati fogyaszt\u00e1sra akalmatlan\u201e. Ezzel a figyelmeztet\u00e9ssel tal\u00e1lkozhattak eg\u00e9szen ma reggelig az \u00e9rintett k\u00e9t kifoly\u00f3t felkeres\u0151k. A t\u00e1bl\u00e1kat levett\u00e9k, a h\u00e9tf\u0151n vett v\u00edzmint\u00e1kat a szaklabor megvizsg\u00e1lta \u00e9s [&hellip;]<\/p>\n","protected":false},"author":2,"featured_media":0,"comment_status":"open","ping_status":"open","sticky":false,"template":"","format":"standard","meta":[],"categories":[22],"tags":[],"_links":{"self":[{"href":"http:\/\/archiv.szolnoktv.hu\/index.php?rest_route=\/wp\/v2\/posts\/27704"}],"collection":[{"href":"http:\/\/archiv.szolnoktv.hu\/index.php?rest_route=\/wp\/v2\/posts"}],"about":[{"href":"http:\/\/archiv.szolnoktv.hu\/index.php?rest_route=\/wp\/v2\/types\/post"}],"author":[{"embeddable":true,"href":"http:\/\/archiv.szolnoktv.hu\/index.php?rest_route=\/wp\/v2\/users\/2"}],"replies":[{"embeddable":true,"href":"http:\/\/archiv.szolnoktv.hu\/index.php?rest_route=%2Fwp%2Fv2%2Fcomments&post=27704"}],"version-history":[{"count":1,"href":"http:\/\/archiv.szolnoktv.hu\/index.php?rest_route=\/wp\/v2\/posts\/27704\/revisions"}],"predecessor-version":[{"id":27826,"href":"http:\/\/archiv.szolnoktv.hu\/index.php?rest_route=\/wp\/v2\/posts\/27704\/revisions\/27826"}],"wp:attachment":[{"href":"http:\/\/archiv.szolnoktv.hu\/index.php?rest_route=%2Fwp%2Fv2%2Fmedia&parent=27704"}],"wp:term":[{"taxonomy":"category","embeddable":true,"href":"http:\/\/archiv.szolnoktv.hu\/index.php?rest_route=%2Fwp%2Fv2%2Fcategories&post=27704"},{"taxonomy":"post_tag","embeddable":true,"href":"http:\/\/archiv.szolnoktv.hu\/index.php?rest_route=%2Fwp%2Fv2%2Ftags&post=27704"}],"curies":[{"name":"wp","href":"https:\/\/api.w.org\/{rel}","templated":true}]}}