{"id":27703,"date":"2009-03-11T16:39:32","date_gmt":"2009-03-11T16:39:32","guid":{"rendered":"http:\/\/archiv.szolnoktv.hu\/?p=27703"},"modified":"2021-11-11T19:36:00","modified_gmt":"2021-11-11T19:36:00","slug":"allami-haltelepites","status":"publish","type":"post","link":"http:\/\/archiv.szolnoktv.hu\/?p=27703","title":{"rendered":"\u00c1llami haltelep\u00edt\u00e9s"},"content":{"rendered":"<div class='booster-block booster-read-block'><\/div><p>J\u00f6v\u0151re m\u00e1r foghat\u00f3. \u00d6sszesen 14 tonna halat helyznek ki a h\u00e9ten a k\u00f6rny\u00e9k vizeibe. A nagyszab\u00e1s\u00fa telep\u00edt\u00e9st \u00e1llami p\u00e9nzb\u0151l finansz\u00edrozz\u00e1k.<br \/>\nJ\u00f3llehet csak j\u00f6v\u0151re \u00e9rik el a foghat\u00f3 m\u00e9retet, a horg\u00e1szok \u00e9s a hal\u00e1szok m\u00e1r d\u00f6rzs\u00f6lhetik a tenyer\u00fcket a k\u00e9pek l\u00e1tt\u00e1n. A Martf\u0171n\u00e9l kihelyezett 18 m\u00e1zs\u00e1nyi k\u00e9tnyaras ivad\u00e9k az \u00e1llami haltelep\u00edt\u00e9si program r\u00e9v\u00e9n ker\u00fclt a Tisz\u00e1ba. A h\u00e9ten t\u00f6bb alkalommal- \u00e9s helysz\u00ednen engedtek \u00e9s engednek halat a foly\u00f3ba- \u00edgy t\u00f6bbek k\u00f6zt Szolnokn\u00e1l \u00e9s Tiszainok\u00e1n\u00e1l. *Az \u201e\u00e9l\u0151vil\u00e1g fejleszt\u00e9se\u201e c\u00edm\u00e9n 2008- ban elk\u00fcl\u00f6n\u00edtett 200 milli\u00f3 forintb\u00f3l mintegy 11 milli\u00f3 forint jutott sz\u0171kebb r\u00e9gi\u00f3nkba \u00e9l\u0151hal form\u00e1j\u00e1ban. A 20- 30 dek\u00e1s szajoli t\u0151ponttyok j\u00f6v\u0151re \u00e9rik el a foghat\u00f3 m\u00e9retet.<\/p>\n","protected":false},"excerpt":{"rendered":"<p>J\u00f6v\u0151re m\u00e1r foghat\u00f3. \u00d6sszesen 14 tonna halat helyznek ki a h\u00e9ten a k\u00f6rny\u00e9k vizeibe. A nagyszab\u00e1s\u00fa telep\u00edt\u00e9st \u00e1llami p\u00e9nzb\u0151l finansz\u00edrozz\u00e1k. J\u00f3llehet csak j\u00f6v\u0151re \u00e9rik el a foghat\u00f3 m\u00e9retet, a horg\u00e1szok \u00e9s a hal\u00e1szok m\u00e1r d\u00f6rzs\u00f6lhetik a tenyer\u00fcket a k\u00e9pek l\u00e1tt\u00e1n. A Martf\u0171n\u00e9l kihelyezett 18 m\u00e1zs\u00e1nyi k\u00e9tnyaras ivad\u00e9k az \u00e1llami haltelep\u00edt\u00e9si program r\u00e9v\u00e9n ker\u00fclt a Tisz\u00e1ba. [&hellip;]<\/p>\n","protected":false},"author":2,"featured_media":0,"comment_status":"open","ping_status":"open","sticky":false,"template":"","format":"standard","meta":[],"categories":[22],"tags":[],"_links":{"self":[{"href":"http:\/\/archiv.szolnoktv.hu\/index.php?rest_route=\/wp\/v2\/posts\/27703"}],"collection":[{"href":"http:\/\/archiv.szolnoktv.hu\/index.php?rest_route=\/wp\/v2\/posts"}],"about":[{"href":"http:\/\/archiv.szolnoktv.hu\/index.php?rest_route=\/wp\/v2\/types\/post"}],"author":[{"embeddable":true,"href":"http:\/\/archiv.szolnoktv.hu\/index.php?rest_route=\/wp\/v2\/users\/2"}],"replies":[{"embeddable":true,"href":"http:\/\/archiv.szolnoktv.hu\/index.php?rest_route=%2Fwp%2Fv2%2Fcomments&post=27703"}],"version-history":[{"count":1,"href":"http:\/\/archiv.szolnoktv.hu\/index.php?rest_route=\/wp\/v2\/posts\/27703\/revisions"}],"predecessor-version":[{"id":27827,"href":"http:\/\/archiv.szolnoktv.hu\/index.php?rest_route=\/wp\/v2\/posts\/27703\/revisions\/27827"}],"wp:attachment":[{"href":"http:\/\/archiv.szolnoktv.hu\/index.php?rest_route=%2Fwp%2Fv2%2Fmedia&parent=27703"}],"wp:term":[{"taxonomy":"category","embeddable":true,"href":"http:\/\/archiv.szolnoktv.hu\/index.php?rest_route=%2Fwp%2Fv2%2Fcategories&post=27703"},{"taxonomy":"post_tag","embeddable":true,"href":"http:\/\/archiv.szolnoktv.hu\/index.php?rest_route=%2Fwp%2Fv2%2Ftags&post=27703"}],"curies":[{"name":"wp","href":"https:\/\/api.w.org\/{rel}","templated":true}]}}