{"id":27702,"date":"2009-03-10T20:49:38","date_gmt":"2009-03-10T20:49:38","guid":{"rendered":"http:\/\/archiv.szolnoktv.hu\/?p=27702"},"modified":"2021-11-11T19:36:00","modified_gmt":"2021-11-11T19:36:00","slug":"sik-avagy-ter","status":"publish","type":"post","link":"http:\/\/archiv.szolnoktv.hu\/?p=27702","title":{"rendered":"S\u00edk avagy t\u00e9r?"},"content":{"rendered":"<div class='booster-block booster-read-block'><\/div><p>Ha az ember Leonard Dax k\u00e9peit n\u00e9zi, id\u0151be telik, mire el tudja d\u00f6nteni, hogy festm\u00e9nyek vagy fot\u00f3k. Nem v\u00e9letlen\u00fcl, hiszen k\u00fcl\u00f6nleges kompoz\u00edci\u00f3it sz\u00e1m\u00edt\u00f3g\u00e9pes technik\u00e1kkal var\u00e1zsolja el\u00e9nk. A budapesti sz\u00fclet\u00e9s\u0171 m\u0171v\u00e9sz alkot\u00e1saib\u00f3l kedden ny\u00edlt ki\u00e1ll\u00edt\u00e1s a Szolnoki Gal\u00e9ri\u00e1ban.<br \/>\nKilian Leonard Dax magyar sz\u00e1rmaz\u00e1s\u00fa m\u0171v\u00e9sz. Budapesten \u00e9s K\u00f6lnben folytatott fest\u00e9szeti tanulm\u00e1nyai ut\u00e1n a hamburgi k\u00e9pz\u0151m\u0171v\u00e9szeti f\u0151iskol\u00e1n az \u00e9p\u00edt\u00e9szet \u00e9s design ter\u00fclet\u00e9n k\u00e9pezte tov\u00e1bb mag\u00e1t. Egyik elind\u00edt\u00f3ja a Neue Deutsche Welle n\u00e9ven ismertt\u00e9 v\u00e1lt nemzetk\u00f6zi m\u0171v\u00e9szeti mozgalomnak, mely egy \u00faj eszt\u00e9tikai rendszert teremtett a design, az \u00e9p\u00edt\u00e9szet \u00e9s m\u0171v\u00e9szet ter\u00fclet\u00e9n. Kompoz\u00edci\u00f3inak l\u00e9trehoz\u00e1s\u00e1ra kifejlesztett egy speci\u00e1lis technik\u00e1t, melyben \u00f6tv\u00f6zi a hagyom\u00e1nyos fest\u00e9sm\u00f3dokat a sz\u00e1m\u00edt\u00f3g\u00e9p ny\u00fajtotta lehet\u0151s\u00e9gekkel.M\u0171veinek alapja a hull\u00e1mforma, cikk-cakk, sakkt\u00e1bla-minta, pont, \u00edv, h\u00e1romsz\u00f6g \u00e9s csillagforma. Mint mondja, ezek az emberis\u00e9g k\u00f6z\u00f6s formai kincsei, ugyanakkor elgondolkodtat\u00f3ak is. Egy piros k\u00f6r lehet p\u00e9ld\u00e1ul egy l\u00e1mpa vagy egy katicabog\u00e1r is. A m\u0171v\u00e9sz ars poetic\u00e1j\u00e1nak egyik fontos gondolata, hogy az absztrakt m\u0171v\u00e9szetben val\u00f3ban \u00e9lni kell, \u00e9s nem csak a t\u00e1volb\u00f3l n\u00e9zni. Ki\u00e1ll\u00edt\u00e1s\u00e1n ez\u00e9rt rendszerint a k\u00e9pek mellett helyet kapnak azok a t\u00e9rbeli elemek is, melyek visszak\u00f6sz\u00f6nnek festm\u00e9nyein. Leonard Dax k\u00e9pei m\u00e1jus 10-ig l\u00e1that\u00f3k a Szolnoki Gal\u00e9ri\u00e1ban.<\/p>\n","protected":false},"excerpt":{"rendered":"<p>Ha az ember Leonard Dax k\u00e9peit n\u00e9zi, id\u0151be telik, mire el tudja d\u00f6nteni, hogy festm\u00e9nyek vagy fot\u00f3k. Nem v\u00e9letlen\u00fcl, hiszen k\u00fcl\u00f6nleges kompoz\u00edci\u00f3it sz\u00e1m\u00edt\u00f3g\u00e9pes technik\u00e1kkal var\u00e1zsolja el\u00e9nk. A budapesti sz\u00fclet\u00e9s\u0171 m\u0171v\u00e9sz alkot\u00e1saib\u00f3l kedden ny\u00edlt ki\u00e1ll\u00edt\u00e1s a Szolnoki Gal\u00e9ri\u00e1ban. Kilian Leonard Dax magyar sz\u00e1rmaz\u00e1s\u00fa m\u0171v\u00e9sz. Budapesten \u00e9s K\u00f6lnben folytatott fest\u00e9szeti tanulm\u00e1nyai ut\u00e1n a hamburgi k\u00e9pz\u0151m\u0171v\u00e9szeti f\u0151iskol\u00e1n az [&hellip;]<\/p>\n","protected":false},"author":2,"featured_media":0,"comment_status":"open","ping_status":"open","sticky":false,"template":"","format":"standard","meta":[],"categories":[22],"tags":[],"_links":{"self":[{"href":"http:\/\/archiv.szolnoktv.hu\/index.php?rest_route=\/wp\/v2\/posts\/27702"}],"collection":[{"href":"http:\/\/archiv.szolnoktv.hu\/index.php?rest_route=\/wp\/v2\/posts"}],"about":[{"href":"http:\/\/archiv.szolnoktv.hu\/index.php?rest_route=\/wp\/v2\/types\/post"}],"author":[{"embeddable":true,"href":"http:\/\/archiv.szolnoktv.hu\/index.php?rest_route=\/wp\/v2\/users\/2"}],"replies":[{"embeddable":true,"href":"http:\/\/archiv.szolnoktv.hu\/index.php?rest_route=%2Fwp%2Fv2%2Fcomments&post=27702"}],"version-history":[{"count":1,"href":"http:\/\/archiv.szolnoktv.hu\/index.php?rest_route=\/wp\/v2\/posts\/27702\/revisions"}],"predecessor-version":[{"id":27829,"href":"http:\/\/archiv.szolnoktv.hu\/index.php?rest_route=\/wp\/v2\/posts\/27702\/revisions\/27829"}],"wp:attachment":[{"href":"http:\/\/archiv.szolnoktv.hu\/index.php?rest_route=%2Fwp%2Fv2%2Fmedia&parent=27702"}],"wp:term":[{"taxonomy":"category","embeddable":true,"href":"http:\/\/archiv.szolnoktv.hu\/index.php?rest_route=%2Fwp%2Fv2%2Fcategories&post=27702"},{"taxonomy":"post_tag","embeddable":true,"href":"http:\/\/archiv.szolnoktv.hu\/index.php?rest_route=%2Fwp%2Fv2%2Ftags&post=27702"}],"curies":[{"name":"wp","href":"https:\/\/api.w.org\/{rel}","templated":true}]}}