{"id":27701,"date":"2009-03-10T20:48:02","date_gmt":"2009-03-10T20:48:02","guid":{"rendered":"http:\/\/archiv.szolnoktv.hu\/?p=27701"},"modified":"2021-11-11T19:36:00","modified_gmt":"2021-11-11T19:36:00","slug":"eltunt-egy-csecsemo-tiszaborol","status":"publish","type":"post","link":"http:\/\/archiv.szolnoktv.hu\/?p=27701","title":{"rendered":"Elt\u0171nt egy csecsem\u0151 Tiszab\u0151r\u0151l"},"content":{"rendered":"<div class='booster-block booster-read-block'><\/div><p>M\u00e1rcius els\u0151 p\u00e9ntekj\u00e9n elt\u0171nt Tiszab\u0151r\u0151l egy \u00f6thetes csecsem\u0151, akinek a Kiara Dzsenifer nevet adt\u00e1k a sz\u00fcl\u0151k. A J\u00e1sz-Nagykun- Szolnok megyei f\u0151kapit\u00e1ny az elm\u00falt \u00f6t nap nyomoz\u00e1s\u00e1r\u00f3l t\u00e1j\u00e9koztatta az \u00fajs\u00e1g\u00edr\u00f3kat.<br \/>\nA nyomoz\u00e1sban sajnos nincs szenz\u00e1ci\u00f3 &#8211; \u00edgy kezdte Simon Tam\u00e1s. Ami bizonyos, hogy a csecsem\u0151 elt\u0171nt, de hogy mi t\u00f6rt\u00e9nt, az m\u00e9g nem. M\u00e1rcius hatodik\u00e1n d\u00e9lel\u0151tt \u00e9rkezett a bejelent\u00e9s a t\u00f6r\u00f6kszentmikl\u00f3si rend\u0151rkapit\u00e1nys\u00e1gra, a nyomoz\u00e1s azonnal elkezd\u0151d\u00f6tt. Ez az a h\u00e1z, ahonnan a gyermek elt\u0171nt, elvitt\u00e9k vagy b\u00e1rmi m\u00e1s m\u00f3don kiker\u00fclt a kis\u00e1gy\u00e1b\u00f3l. Az \u00e9desanya azt mondja, hogy n\u00e9h\u00e1ny percre hagyta csak mag\u00e1ra a cs\u00f6pps\u00e9get. A rend\u0151r\u00f6k a csal\u00e1dot, a falub\u00e9lieket is kik\u00e9rdezt\u00e9k, m\u00e1sf\u00e9lsz\u00e1z tan\u00faval besz\u00e9ltek. Nyomoz\u00f3csoport alakult, ennek csak ez az \u00fcgy a feladata. \u00d5k a k\u00f6rny\u00e9k benzink\u00fatjainak videofelv\u00e9teleit is \u00e1tn\u00e9zik, h\u00e1tha nyomra bukkannak. A keres\u00e9s az eg\u00e9sz orsz\u00e1gra kiterjedt. B\u00e1rkinek a seg\u00edts\u00e9g\u00e9re sz\u00e1m\u00edtanak.<\/p>\n","protected":false},"excerpt":{"rendered":"<p>M\u00e1rcius els\u0151 p\u00e9ntekj\u00e9n elt\u0171nt Tiszab\u0151r\u0151l egy \u00f6thetes csecsem\u0151, akinek a Kiara Dzsenifer nevet adt\u00e1k a sz\u00fcl\u0151k. A J\u00e1sz-Nagykun- Szolnok megyei f\u0151kapit\u00e1ny az elm\u00falt \u00f6t nap nyomoz\u00e1s\u00e1r\u00f3l t\u00e1j\u00e9koztatta az \u00fajs\u00e1g\u00edr\u00f3kat. A nyomoz\u00e1sban sajnos nincs szenz\u00e1ci\u00f3 &#8211; \u00edgy kezdte Simon Tam\u00e1s. Ami bizonyos, hogy a csecsem\u0151 elt\u0171nt, de hogy mi t\u00f6rt\u00e9nt, az m\u00e9g nem. M\u00e1rcius hatodik\u00e1n d\u00e9lel\u0151tt [&hellip;]<\/p>\n","protected":false},"author":2,"featured_media":0,"comment_status":"open","ping_status":"open","sticky":false,"template":"","format":"standard","meta":[],"categories":[22],"tags":[],"_links":{"self":[{"href":"http:\/\/archiv.szolnoktv.hu\/index.php?rest_route=\/wp\/v2\/posts\/27701"}],"collection":[{"href":"http:\/\/archiv.szolnoktv.hu\/index.php?rest_route=\/wp\/v2\/posts"}],"about":[{"href":"http:\/\/archiv.szolnoktv.hu\/index.php?rest_route=\/wp\/v2\/types\/post"}],"author":[{"embeddable":true,"href":"http:\/\/archiv.szolnoktv.hu\/index.php?rest_route=\/wp\/v2\/users\/2"}],"replies":[{"embeddable":true,"href":"http:\/\/archiv.szolnoktv.hu\/index.php?rest_route=%2Fwp%2Fv2%2Fcomments&post=27701"}],"version-history":[{"count":1,"href":"http:\/\/archiv.szolnoktv.hu\/index.php?rest_route=\/wp\/v2\/posts\/27701\/revisions"}],"predecessor-version":[{"id":27830,"href":"http:\/\/archiv.szolnoktv.hu\/index.php?rest_route=\/wp\/v2\/posts\/27701\/revisions\/27830"}],"wp:attachment":[{"href":"http:\/\/archiv.szolnoktv.hu\/index.php?rest_route=%2Fwp%2Fv2%2Fmedia&parent=27701"}],"wp:term":[{"taxonomy":"category","embeddable":true,"href":"http:\/\/archiv.szolnoktv.hu\/index.php?rest_route=%2Fwp%2Fv2%2Fcategories&post=27701"},{"taxonomy":"post_tag","embeddable":true,"href":"http:\/\/archiv.szolnoktv.hu\/index.php?rest_route=%2Fwp%2Fv2%2Ftags&post=27701"}],"curies":[{"name":"wp","href":"https:\/\/api.w.org\/{rel}","templated":true}]}}