{"id":27699,"date":"2009-03-10T20:45:02","date_gmt":"2009-03-10T20:45:02","guid":{"rendered":"http:\/\/archiv.szolnoktv.hu\/?p=27699"},"modified":"2021-11-11T19:36:00","modified_gmt":"2021-11-11T19:36:00","slug":"raktarban-a-keresz-szobrok","status":"publish","type":"post","link":"http:\/\/archiv.szolnoktv.hu\/?p=27699","title":{"rendered":"Rakt\u00e1rban a k\u00e9r\u00e9sz szobrok"},"content":{"rendered":"<div class='booster-block booster-read-block'><\/div><p>Helyet keresnek. Rakt\u00e1rban pihen a Kossuth t\u00e9rre tervezett k\u00e9r\u00e9sz szobor. Az alkot\u00e1s \u00e1r\u00e1t k\u00e9t szolnoki c\u00e9g fizette ki.<br \/>\nEgyel\u0151re v\u00e9dett helyen- a J\u00e1szkun Vol\u00e1n sz\u00e9kh\u00e1z\u00e1nak f\u00f6ldszintj\u00e9n pihen Varga G\u00e1bor szobr\u00e1szm\u0171v\u00e9sz k\u00e9t- emberarc\u00fa k\u00e9r\u00e9sze. Az egyenk\u00e9nt 300 kilogrammot nyom\u00f3 bronzfigura eredetileg a Buszp\u00e1lyaudvart d\u00edsz\u00edtette volna, \u00e1m oda- m\u00e9rete miatt nem ker\u00fclhetett. Ezut\u00e1n kapott a lehet\u0151s\u00e9gen a v\u00e1rosvezet\u00e9s. Az utols\u00f3 pillanatig \u00fagy volt- a Kossuth t\u00e9ri medenc\u00e9b\u0151l emelkedik majd ki az \u00fcvegposztamensre \u00e1ll\u00edtott szoborp\u00e1r. A k\u00e9pz\u0151m\u0171v\u00e9szeti lektor\u00e1tus azonban k\u00f6zbesz\u00f3lt. A szobrot s\u00e9r\u00fcl\u00e9kenynek \u00edt\u00e9lt\u00e9k, s hogy ne legyen m\u00e1r m\u00e1snap a sz\u00ednesf\u00e9mgy\u0171jt\u0151k \u00e1ldozata, nem javasolt\u00e1k a kihelyez\u00e9s\u00e9t. A terv azonban t\u00fal sz\u00e9p volt ahhoz, hogy veszend\u0151be menjen. K\u00e9t szolnoki c\u00e9g \u00f6sszefogott \u00e9s el\u0151teremtett\u00e9k a \u00f6nt\u00e9shez sz\u00fcks\u00e9ges p\u00e9nzt. A szobor hely\u00e9t illet\u0151en m\u00e1ris van elk\u00e9pzel\u00e9s, mely szerint a leend\u0151 tiszai gyalogh\u00edd v\u00e1rosi h\u00eddf\u0151j\u00e9n\u00e9l \u00e1ll\u00edtan\u00e1k fel. A speci\u00e1lis posztamenst egy homor\u00fa betonplaccra helyezn\u00e9k. Az \u00fcvegbubor\u00e9k fal\u00e1r\u00f3l v\u00edz csobogna a gy\u0171jt\u0151medenc\u00e9be, mely egy \u00e1lland\u00f3an m\u0171k\u00f6d\u0151 biztons\u00e1gi kamera mellett el\u00e9g v\u00e9delmet ny\u00fajtana az esetleges rong\u00e1l\u00e1s ellen. A Szolnok V\u00e1ros J\u00f6v\u0151je K\u00f6zalap\u00edtv\u00e1ny v\u00e1rja a lakoss\u00e1gi \u00f6tleteket is, hol l\u00e1tn\u00e1k sz\u00edvesen a szolnokiak a 15 milli\u00f3 forintba ker\u00fcl\u0151 alkot\u00e1st.<\/p>\n","protected":false},"excerpt":{"rendered":"<p>Helyet keresnek. Rakt\u00e1rban pihen a Kossuth t\u00e9rre tervezett k\u00e9r\u00e9sz szobor. Az alkot\u00e1s \u00e1r\u00e1t k\u00e9t szolnoki c\u00e9g fizette ki. Egyel\u0151re v\u00e9dett helyen- a J\u00e1szkun Vol\u00e1n sz\u00e9kh\u00e1z\u00e1nak f\u00f6ldszintj\u00e9n pihen Varga G\u00e1bor szobr\u00e1szm\u0171v\u00e9sz k\u00e9t- emberarc\u00fa k\u00e9r\u00e9sze. Az egyenk\u00e9nt 300 kilogrammot nyom\u00f3 bronzfigura eredetileg a Buszp\u00e1lyaudvart d\u00edsz\u00edtette volna, \u00e1m oda- m\u00e9rete miatt nem ker\u00fclhetett. Ezut\u00e1n kapott a lehet\u0151s\u00e9gen a [&hellip;]<\/p>\n","protected":false},"author":2,"featured_media":0,"comment_status":"open","ping_status":"open","sticky":false,"template":"","format":"standard","meta":[],"categories":[22],"tags":[],"_links":{"self":[{"href":"http:\/\/archiv.szolnoktv.hu\/index.php?rest_route=\/wp\/v2\/posts\/27699"}],"collection":[{"href":"http:\/\/archiv.szolnoktv.hu\/index.php?rest_route=\/wp\/v2\/posts"}],"about":[{"href":"http:\/\/archiv.szolnoktv.hu\/index.php?rest_route=\/wp\/v2\/types\/post"}],"author":[{"embeddable":true,"href":"http:\/\/archiv.szolnoktv.hu\/index.php?rest_route=\/wp\/v2\/users\/2"}],"replies":[{"embeddable":true,"href":"http:\/\/archiv.szolnoktv.hu\/index.php?rest_route=%2Fwp%2Fv2%2Fcomments&post=27699"}],"version-history":[{"count":1,"href":"http:\/\/archiv.szolnoktv.hu\/index.php?rest_route=\/wp\/v2\/posts\/27699\/revisions"}],"predecessor-version":[{"id":27832,"href":"http:\/\/archiv.szolnoktv.hu\/index.php?rest_route=\/wp\/v2\/posts\/27699\/revisions\/27832"}],"wp:attachment":[{"href":"http:\/\/archiv.szolnoktv.hu\/index.php?rest_route=%2Fwp%2Fv2%2Fmedia&parent=27699"}],"wp:term":[{"taxonomy":"category","embeddable":true,"href":"http:\/\/archiv.szolnoktv.hu\/index.php?rest_route=%2Fwp%2Fv2%2Fcategories&post=27699"},{"taxonomy":"post_tag","embeddable":true,"href":"http:\/\/archiv.szolnoktv.hu\/index.php?rest_route=%2Fwp%2Fv2%2Ftags&post=27699"}],"curies":[{"name":"wp","href":"https:\/\/api.w.org\/{rel}","templated":true}]}}