{"id":27698,"date":"2009-03-10T20:43:26","date_gmt":"2009-03-10T20:43:26","guid":{"rendered":"http:\/\/archiv.szolnoktv.hu\/?p=27698"},"modified":"2021-11-11T19:36:00","modified_gmt":"2021-11-11T19:36:00","slug":"bombariado-a-birosagon","status":"publish","type":"post","link":"http:\/\/archiv.szolnoktv.hu\/?p=27698","title":{"rendered":"Bombariad\u00f3 a b\u00edr\u00f3s\u00e1gon"},"content":{"rendered":"<div class='booster-block booster-read-block'><\/div><p>\u00cdzetlen tr\u00e9fa. Bombariad\u00f3 miatt ki kellett \u00fcr\u00edteni a szolnoki b\u00edr\u00f3s\u00e1g \u00e9p\u00fclet\u00e9t. A t\u0171zszer\u00e9szek egyb\u0151l a helysz\u00ednre siettek, de szerencs\u00e9re bomb\u00e1t nem tal\u00e1ltak.<br \/>\nLez\u00e1rt\u00e1k a Kossuth Lajos utat; a b\u00edr\u00f3s\u00e1g \u00e9p\u00fclet\u00e9t pedig ki\u00fcr\u00edtett\u00e9k. Egy ismeretlen telefon\u00e1l\u00f3 ugyanis azt k\u00f6z\u00f6lte a rend\u0151rs\u00e9ggel, hogy bomba fog robbanni az \u00e9p\u00fcletben. A d\u00e9li bejelent\u00e9st k\u00f6vet\u0151en a bombakeres\u0151k \u00e9s t\u0171zszer\u00e9szek azonnal kivonultak a helysz\u00ednre. Megkezdt\u00e9k az \u00e9p\u00fcletet \u00e1tvizsg\u00e1l\u00e1s\u00e1t, de robban\u00f3szernek nyom\u00e1t sem tal\u00e1lt\u00e1k. V\u00e9lhet\u0151en egy az id\u0151k\u00f6zben foly\u00f3 t\u00e1rgyal\u00e1s f\u00e9lbeszak\u00edt\u00e1sa miatt \u00e9rkezett a h\u00edv\u00e1s. Az ismeretlen telefon\u00e1l\u00f3 ellen k\u00f6zvesz\u00e9llyel val\u00f3 fenyeget\u00e9s v\u00e9ts\u00e9ge miatt megkezdt\u00e9k a nyomoz\u00e1st.<\/p>\n","protected":false},"excerpt":{"rendered":"<p>\u00cdzetlen tr\u00e9fa. Bombariad\u00f3 miatt ki kellett \u00fcr\u00edteni a szolnoki b\u00edr\u00f3s\u00e1g \u00e9p\u00fclet\u00e9t. A t\u0171zszer\u00e9szek egyb\u0151l a helysz\u00ednre siettek, de szerencs\u00e9re bomb\u00e1t nem tal\u00e1ltak. Lez\u00e1rt\u00e1k a Kossuth Lajos utat; a b\u00edr\u00f3s\u00e1g \u00e9p\u00fclet\u00e9t pedig ki\u00fcr\u00edtett\u00e9k. Egy ismeretlen telefon\u00e1l\u00f3 ugyanis azt k\u00f6z\u00f6lte a rend\u0151rs\u00e9ggel, hogy bomba fog robbanni az \u00e9p\u00fcletben. A d\u00e9li bejelent\u00e9st k\u00f6vet\u0151en a bombakeres\u0151k \u00e9s t\u0171zszer\u00e9szek azonnal [&hellip;]<\/p>\n","protected":false},"author":2,"featured_media":0,"comment_status":"open","ping_status":"open","sticky":false,"template":"","format":"standard","meta":[],"categories":[22],"tags":[],"_links":{"self":[{"href":"http:\/\/archiv.szolnoktv.hu\/index.php?rest_route=\/wp\/v2\/posts\/27698"}],"collection":[{"href":"http:\/\/archiv.szolnoktv.hu\/index.php?rest_route=\/wp\/v2\/posts"}],"about":[{"href":"http:\/\/archiv.szolnoktv.hu\/index.php?rest_route=\/wp\/v2\/types\/post"}],"author":[{"embeddable":true,"href":"http:\/\/archiv.szolnoktv.hu\/index.php?rest_route=\/wp\/v2\/users\/2"}],"replies":[{"embeddable":true,"href":"http:\/\/archiv.szolnoktv.hu\/index.php?rest_route=%2Fwp%2Fv2%2Fcomments&post=27698"}],"version-history":[{"count":1,"href":"http:\/\/archiv.szolnoktv.hu\/index.php?rest_route=\/wp\/v2\/posts\/27698\/revisions"}],"predecessor-version":[{"id":27833,"href":"http:\/\/archiv.szolnoktv.hu\/index.php?rest_route=\/wp\/v2\/posts\/27698\/revisions\/27833"}],"wp:attachment":[{"href":"http:\/\/archiv.szolnoktv.hu\/index.php?rest_route=%2Fwp%2Fv2%2Fmedia&parent=27698"}],"wp:term":[{"taxonomy":"category","embeddable":true,"href":"http:\/\/archiv.szolnoktv.hu\/index.php?rest_route=%2Fwp%2Fv2%2Fcategories&post=27698"},{"taxonomy":"post_tag","embeddable":true,"href":"http:\/\/archiv.szolnoktv.hu\/index.php?rest_route=%2Fwp%2Fv2%2Ftags&post=27698"}],"curies":[{"name":"wp","href":"https:\/\/api.w.org\/{rel}","templated":true}]}}