{"id":27697,"date":"2009-03-10T20:41:06","date_gmt":"2009-03-10T20:41:06","guid":{"rendered":"http:\/\/archiv.szolnoktv.hu\/?p=27697"},"modified":"2021-11-11T19:36:00","modified_gmt":"2021-11-11T19:36:00","slug":"alapitvany-a-valasztasokert","status":"publish","type":"post","link":"http:\/\/archiv.szolnoktv.hu\/?p=27697","title":{"rendered":"Alap\u00edtv\u00e1ny a  v\u00e1laszt\u00e1sok\u00e9rt"},"content":{"rendered":"<div class='booster-block booster-read-block'><\/div><p>Kev\u00e9s fiatal szavaz. Az ut\u00f3bbi \u00e9vekben nagy m\u00e9rt\u00e9kben cs\u00f6kken azoknak a fiataloknak a sz\u00e1ma, akik akt\u00edv szavaz\u00f3k\u00e9nt vesznek r\u00e9szt a v\u00e1laszt\u00e1sokban. A m\u00e1sf\u00e9l milli\u00f3nyi 18 \u00e9s 30 \u00e9v k\u00f6z\u00f6tti koroszt\u00e1lyb\u00f3l 400 ezren el\u0151sz\u00f6r szavaznak id\u00e9n. Felt\u00e9ve, ha a j\u00faniusi Eur\u00f3pai Parlamenti v\u00e1laszt\u00e1sokon leadj\u00e1k voksukat.<br \/>\nA magyar v\u00e1laszt\u00f3polg\u00e1roknak imm\u00e1r m\u00e1sodszor ny\u00edlik lehet\u0151s\u00e9g\u00fck arra, hogy szavazzanak az Eur\u00f3pai Parlament k\u00e9pvisel\u0151jel\u00f6ltjeire. A v\u00e1laszt\u00e1sok alkalm\u00e1val Magyarorsz\u00e1g is &#8211; mint uni\u00f3s tag\u00e1llam &#8211; k\u00e9pvisel\u0151ket k\u00fcldhet az Eur\u00f3pai Parlamentbe  j\u00fanius 7-\u00e9n. Az Alap\u00edtv\u00e1ny a v\u00e1laszt\u00e1sok\u00e9rt a fiatalokat buzd\u00edtja erre. Az Eur\u00f3pai Bizotts\u00e1g kimutat\u00e1sai alapj\u00e1n ugyanis egyre kevesebb fiatal v\u00e1laszt\u00f3polg\u00e1r vesz r\u00e9szt a szavaz\u00e1sokon. Az alap  &#8220;Cselekv\u0151 ifj\u00fas\u00e1g&#8221;&#8221; programj\u00e1val igyekszik n\u00e9pszer\u0171s\u00edteni a v\u00e1laszt\u00e1sokat a 18 \u00e9s 30 \u00e9v k\u00f6z\u00f6tti koroszt\u00e1lynak. El\u00e9g csak bep\u00f6ty\u00f6gni a c\u00edmet \u00e9s m\u00e1ris &#8211; \u00e9rt\u00e9kes nyerem\u00e9nyek\u00e9rt j\u00e1tszva lehet ismerkedni az Uni\u00f3val<br \/>\nannak parlamentj\u00e9vel. Ebben a j\u00e1t\u00e9kban egy j\u00f3 v\u00e1lasz\u00e9rt a k\u00f6z\u00f6ss\u00e9g b\u00e1rmelyik orsz\u00e1ga elfoglalhat\u00f3. N\u00e9metorsz\u00e1got nem siker\u00fclt<\/p>\n","protected":false},"excerpt":{"rendered":"<p>Kev\u00e9s fiatal szavaz. Az ut\u00f3bbi \u00e9vekben nagy m\u00e9rt\u00e9kben cs\u00f6kken azoknak a fiataloknak a sz\u00e1ma, akik akt\u00edv szavaz\u00f3k\u00e9nt vesznek r\u00e9szt a v\u00e1laszt\u00e1sokban. A m\u00e1sf\u00e9l milli\u00f3nyi 18 \u00e9s 30 \u00e9v k\u00f6z\u00f6tti koroszt\u00e1lyb\u00f3l 400 ezren el\u0151sz\u00f6r szavaznak id\u00e9n. Felt\u00e9ve, ha a j\u00faniusi Eur\u00f3pai Parlamenti v\u00e1laszt\u00e1sokon leadj\u00e1k voksukat. A magyar v\u00e1laszt\u00f3polg\u00e1roknak imm\u00e1r m\u00e1sodszor ny\u00edlik lehet\u0151s\u00e9g\u00fck arra, hogy szavazzanak az [&hellip;]<\/p>\n","protected":false},"author":2,"featured_media":0,"comment_status":"open","ping_status":"open","sticky":false,"template":"","format":"standard","meta":[],"categories":[22],"tags":[],"_links":{"self":[{"href":"http:\/\/archiv.szolnoktv.hu\/index.php?rest_route=\/wp\/v2\/posts\/27697"}],"collection":[{"href":"http:\/\/archiv.szolnoktv.hu\/index.php?rest_route=\/wp\/v2\/posts"}],"about":[{"href":"http:\/\/archiv.szolnoktv.hu\/index.php?rest_route=\/wp\/v2\/types\/post"}],"author":[{"embeddable":true,"href":"http:\/\/archiv.szolnoktv.hu\/index.php?rest_route=\/wp\/v2\/users\/2"}],"replies":[{"embeddable":true,"href":"http:\/\/archiv.szolnoktv.hu\/index.php?rest_route=%2Fwp%2Fv2%2Fcomments&post=27697"}],"version-history":[{"count":1,"href":"http:\/\/archiv.szolnoktv.hu\/index.php?rest_route=\/wp\/v2\/posts\/27697\/revisions"}],"predecessor-version":[{"id":27834,"href":"http:\/\/archiv.szolnoktv.hu\/index.php?rest_route=\/wp\/v2\/posts\/27697\/revisions\/27834"}],"wp:attachment":[{"href":"http:\/\/archiv.szolnoktv.hu\/index.php?rest_route=%2Fwp%2Fv2%2Fmedia&parent=27697"}],"wp:term":[{"taxonomy":"category","embeddable":true,"href":"http:\/\/archiv.szolnoktv.hu\/index.php?rest_route=%2Fwp%2Fv2%2Fcategories&post=27697"},{"taxonomy":"post_tag","embeddable":true,"href":"http:\/\/archiv.szolnoktv.hu\/index.php?rest_route=%2Fwp%2Fv2%2Ftags&post=27697"}],"curies":[{"name":"wp","href":"https:\/\/api.w.org\/{rel}","templated":true}]}}