{"id":27696,"date":"2009-03-09T17:46:53","date_gmt":"2009-03-09T17:46:53","guid":{"rendered":"http:\/\/archiv.szolnoktv.hu\/?p=27696"},"modified":"2021-11-11T19:36:01","modified_gmt":"2021-11-11T19:36:01","slug":"folytatodik-a-szigligeti-utca-felujitasa","status":"publish","type":"post","link":"http:\/\/archiv.szolnoktv.hu\/?p=27696","title":{"rendered":"Folytat\u00f3dik a szigligeti utca fel\u00faj\u00edt\u00e1sa"},"content":{"rendered":"<div class='booster-block booster-read-block'><\/div><p>\u00dajabb fel\u00faj\u00edt\u00e1s. D\u00edszburkolatot kap a Szigligeti \u00fat j\u00e1rd\u00e1ja. A tavaly ny\u00e1r \u00f3ta tart\u00f3 utca fel\u00faj\u00edt\u00e1s ezzel a v\u00e9g\u00e9hez \u00e9rt.<br \/>\nBontj\u00e1k a j\u00e1rd\u00e1t a Szigligeti \u00faton. Sokak sz\u00e1m\u00e1ra k\u00f6vethetetlenn\u00e9 v\u00e1lt, hogy \u00e9ppen mikor, mit \u00e9s mi\u00e9rt csin\u00e1lnak az utc\u00e1ban. Tavaly ny\u00e1ron el\u0151sz\u00f6r az \u00fat alatt h\u00faz\u00f3d\u00f3 csatorna-h\u00e1l\u00f3zatot \u00faj\u00edtott\u00e1k fel, ezut\u00e1n pedig \u00faj burkolatot kapott a Szigligeti \u00fat. \u00c1m az \u00faj \u00fattest meglehet\u0151sen sok\u00e1ig k\u00e9sz\u00fclt, \u00edgy ekkor sem volt z\u00f6kken\u0151mentes a k\u00f6zleked\u00e9s. T\u00e9len. a munk\u00e1latok befejezt\u00e9vel pedig a j\u00e1rda fel\u00faj\u00edt\u00e1sa k\u00f6vetkezett. Ez viszont nem \u00fagy siker\u00fclt, ahogyan arra sz\u00e1m\u00edtani lehetett volna. Ugyanis a j\u00e1rda csak f\u00e9lig k\u00e9sz\u00fclt el, azaz r\u00e9szben f\u00f6lbontott\u00e1k, \u00e9s gy\u00f6ngykaviccsal sz\u00f3rt\u00e1k be. \u00cdgy pedig rendk\u00edv\u00fcl kellemetlen gyalogosan k\u00f6zlekedni. \u00c1prilist\u00f3l viszont megold\u00f3dik a probl\u00e9ma \u00e9s egy \u00faj d\u00edszburkolattal ell\u00e1tott j\u00e1rd\u00e1n s\u00e9t\u00e1lhatunk. A kivitelez\u0151 DV Konzorciumnak ugyanis m\u00e1rcius 31-ig be kell fejeznie a fel\u00faj\u00edt\u00e1st. Az aut\u00f3sok a munk\u00e1latok ideje alatt is k\u00f6zlekedhetnek az utc\u00e1ban, m\u00edg a gyalogosok csak az egyik oldalt haszn\u00e1lhatj\u00e1k.<\/p>\n","protected":false},"excerpt":{"rendered":"<p>\u00dajabb fel\u00faj\u00edt\u00e1s. D\u00edszburkolatot kap a Szigligeti \u00fat j\u00e1rd\u00e1ja. A tavaly ny\u00e1r \u00f3ta tart\u00f3 utca fel\u00faj\u00edt\u00e1s ezzel a v\u00e9g\u00e9hez \u00e9rt. Bontj\u00e1k a j\u00e1rd\u00e1t a Szigligeti \u00faton. Sokak sz\u00e1m\u00e1ra k\u00f6vethetetlenn\u00e9 v\u00e1lt, hogy \u00e9ppen mikor, mit \u00e9s mi\u00e9rt csin\u00e1lnak az utc\u00e1ban. Tavaly ny\u00e1ron el\u0151sz\u00f6r az \u00fat alatt h\u00faz\u00f3d\u00f3 csatorna-h\u00e1l\u00f3zatot \u00faj\u00edtott\u00e1k fel, ezut\u00e1n pedig \u00faj burkolatot kapott a Szigligeti [&hellip;]<\/p>\n","protected":false},"author":2,"featured_media":0,"comment_status":"open","ping_status":"open","sticky":false,"template":"","format":"standard","meta":[],"categories":[22],"tags":[],"_links":{"self":[{"href":"http:\/\/archiv.szolnoktv.hu\/index.php?rest_route=\/wp\/v2\/posts\/27696"}],"collection":[{"href":"http:\/\/archiv.szolnoktv.hu\/index.php?rest_route=\/wp\/v2\/posts"}],"about":[{"href":"http:\/\/archiv.szolnoktv.hu\/index.php?rest_route=\/wp\/v2\/types\/post"}],"author":[{"embeddable":true,"href":"http:\/\/archiv.szolnoktv.hu\/index.php?rest_route=\/wp\/v2\/users\/2"}],"replies":[{"embeddable":true,"href":"http:\/\/archiv.szolnoktv.hu\/index.php?rest_route=%2Fwp%2Fv2%2Fcomments&post=27696"}],"version-history":[{"count":1,"href":"http:\/\/archiv.szolnoktv.hu\/index.php?rest_route=\/wp\/v2\/posts\/27696\/revisions"}],"predecessor-version":[{"id":27836,"href":"http:\/\/archiv.szolnoktv.hu\/index.php?rest_route=\/wp\/v2\/posts\/27696\/revisions\/27836"}],"wp:attachment":[{"href":"http:\/\/archiv.szolnoktv.hu\/index.php?rest_route=%2Fwp%2Fv2%2Fmedia&parent=27696"}],"wp:term":[{"taxonomy":"category","embeddable":true,"href":"http:\/\/archiv.szolnoktv.hu\/index.php?rest_route=%2Fwp%2Fv2%2Fcategories&post=27696"},{"taxonomy":"post_tag","embeddable":true,"href":"http:\/\/archiv.szolnoktv.hu\/index.php?rest_route=%2Fwp%2Fv2%2Ftags&post=27696"}],"curies":[{"name":"wp","href":"https:\/\/api.w.org\/{rel}","templated":true}]}}