{"id":27695,"date":"2009-03-09T17:45:31","date_gmt":"2009-03-09T17:45:31","guid":{"rendered":"http:\/\/archiv.szolnoktv.hu\/?p=27695"},"modified":"2021-11-11T19:36:01","modified_gmt":"2021-11-11T19:36:01","slug":"nehez-a-dolga-az-erdeszeknek","status":"publish","type":"post","link":"http:\/\/archiv.szolnoktv.hu\/?p=27695","title":{"rendered":"Neh\u00e9z a dolga az erd\u00e9szeknek"},"content":{"rendered":"<div class='booster-block booster-read-block'><\/div><p>Megk\u00f6zel\u00edthetetlen, eladhatatlan. Ennyire az\u00e9rt m\u00e9g nem s\u00falyos a helyzet, de mindk\u00e9t t\u00e9nyez\u0151 komolyan elgondolkodtatja az \u00e1rt\u00e9ren dolgoz\u00f3 fav\u00e1g\u00f3kat. A fel\u00e1zott talaj nem kedvez az erd\u00e9szeti munk\u00e1knak, r\u00e1d\u00e1sul az \u00e1tv\u00e9teli \u00e1rak is cs\u00f6kkentek.<br \/>\n1000 k\u00f6bm\u00e9ter. Nagyj\u00e1b\u00f3l ennyi ny\u00e1rf\u00e1t termeltek le febru\u00e1r utols\u00f3 het\u00e9ben a sz\u00f3r\u00f3pusztai tisza \u00e1rt\u00e9ren a NEFAG ZRt. munkat\u00e1rsai. A v\u00e9konyabb r\u00f6nk\u00f6k egy r\u00e9sz\u00e9t a reggeli \u00f3r\u00e1kban m\u00e1r elind\u00edtott\u00e1k Szlov\u00e1ki\u00e1ba, ahol a sturov\u00f3i \u00e9s r\u00f3zsahegyi pap\u00edrgy\u00e1rakban dolgozz\u00e1k majd fel \u0151ket. A marad\u00e9k nagyr\u00e9sz\u00e9nek is megvan m\u00e1r a gazd\u00e1ja- p\u00e9ld\u00e1ul az olasz \u00e9rdekelts\u00e9g\u0171 szolnoki Derula Kft., ahol pap\u00edrv\u00e9kony lemezt has\u00edtanak a r\u00f6nk\u00f6kb\u0151l. A piac teh\u00e1t m\u00e9g m\u0171k\u00f6dik- a v\u00e1ls\u00e1g hat\u00e1sa azonban m\u00e1r \u00e9rz\u0151dik az \u00e1tv\u00e9teli \u00e1rakon, melyek 20- 30%- kal cs\u00f6kkentek. A kitermel\u00e9s k\u00f6lts\u00e9gei ugyanakkor n\u0151ttek. A janu\u00e1ri fagy \u00e9s a k\u00f6zelm\u00faltban lehullott sok csapad\u00e9k egyar\u00e1nt megnehez\u00edtette a munk\u00e1t. A ter\u00fclet megk\u00f6zel\u00edt\u00e9s\u00e9vel j\u00e1r\u00f3 neh\u00e9zs\u00e9gek \u00e9pp \u00fagy az erd\u0151 kezel\u0151j\u00e9t terhelik mint a nyomok elt\u00fcntet\u00e9se, a terepet ugyanis tavasszal rendezni kell. Term\u00e9szetesen saj\u00e1t k\u00f6lts\u00e9gen. A J\u00e1sz- Nagykun Szolnok- \u00e9s D\u00e9l- Pest megyei erd\u0151ket kezel\u0151 174 f\u0151t foglalkoztat\u00f3 NEFAG ZRt. a neh\u00e9zs\u00e9gek ellen\u00e9re sem tervez egyel\u0151re elbocs\u00e1jt\u00e1sokat.<\/p>\n","protected":false},"excerpt":{"rendered":"<p>Megk\u00f6zel\u00edthetetlen, eladhatatlan. Ennyire az\u00e9rt m\u00e9g nem s\u00falyos a helyzet, de mindk\u00e9t t\u00e9nyez\u0151 komolyan elgondolkodtatja az \u00e1rt\u00e9ren dolgoz\u00f3 fav\u00e1g\u00f3kat. A fel\u00e1zott talaj nem kedvez az erd\u00e9szeti munk\u00e1knak, r\u00e1d\u00e1sul az \u00e1tv\u00e9teli \u00e1rak is cs\u00f6kkentek. 1000 k\u00f6bm\u00e9ter. Nagyj\u00e1b\u00f3l ennyi ny\u00e1rf\u00e1t termeltek le febru\u00e1r utols\u00f3 het\u00e9ben a sz\u00f3r\u00f3pusztai tisza \u00e1rt\u00e9ren a NEFAG ZRt. munkat\u00e1rsai. A v\u00e9konyabb r\u00f6nk\u00f6k egy r\u00e9sz\u00e9t [&hellip;]<\/p>\n","protected":false},"author":2,"featured_media":0,"comment_status":"open","ping_status":"open","sticky":false,"template":"","format":"standard","meta":[],"categories":[22],"tags":[],"_links":{"self":[{"href":"http:\/\/archiv.szolnoktv.hu\/index.php?rest_route=\/wp\/v2\/posts\/27695"}],"collection":[{"href":"http:\/\/archiv.szolnoktv.hu\/index.php?rest_route=\/wp\/v2\/posts"}],"about":[{"href":"http:\/\/archiv.szolnoktv.hu\/index.php?rest_route=\/wp\/v2\/types\/post"}],"author":[{"embeddable":true,"href":"http:\/\/archiv.szolnoktv.hu\/index.php?rest_route=\/wp\/v2\/users\/2"}],"replies":[{"embeddable":true,"href":"http:\/\/archiv.szolnoktv.hu\/index.php?rest_route=%2Fwp%2Fv2%2Fcomments&post=27695"}],"version-history":[{"count":1,"href":"http:\/\/archiv.szolnoktv.hu\/index.php?rest_route=\/wp\/v2\/posts\/27695\/revisions"}],"predecessor-version":[{"id":27837,"href":"http:\/\/archiv.szolnoktv.hu\/index.php?rest_route=\/wp\/v2\/posts\/27695\/revisions\/27837"}],"wp:attachment":[{"href":"http:\/\/archiv.szolnoktv.hu\/index.php?rest_route=%2Fwp%2Fv2%2Fmedia&parent=27695"}],"wp:term":[{"taxonomy":"category","embeddable":true,"href":"http:\/\/archiv.szolnoktv.hu\/index.php?rest_route=%2Fwp%2Fv2%2Fcategories&post=27695"},{"taxonomy":"post_tag","embeddable":true,"href":"http:\/\/archiv.szolnoktv.hu\/index.php?rest_route=%2Fwp%2Fv2%2Ftags&post=27695"}],"curies":[{"name":"wp","href":"https:\/\/api.w.org\/{rel}","templated":true}]}}