{"id":27694,"date":"2009-03-09T17:44:17","date_gmt":"2009-03-09T17:44:17","guid":{"rendered":"http:\/\/archiv.szolnoktv.hu\/?p=27694"},"modified":"2021-11-11T19:36:01","modified_gmt":"2021-11-11T19:36:01","slug":"artezi-kut-hiba","status":"publish","type":"post","link":"http:\/\/archiv.szolnoktv.hu\/?p=27694","title":{"rendered":"\u00c1rt\u00e9zi k\u00fat hiba"},"content":{"rendered":"<div class='booster-block booster-read-block'><\/div><p>\u00c1tmenetileg nem \u00fczemel. K\u00e9t \u00e1rt\u00e9zi kifoly\u00f3t \u00e9rint a h\u00e9tv\u00e9gi meghib\u00e1sod\u00e1s, emiatt nem lehetett vizet venni az Isp\u00e1n k\u00f6r\u00fati \u00e9s a V\u00e1rkonyi t\u00e9ri k\u00fatb\u00f3l. Ma reggel a meghib\u00e1sodott szivatty\u00fat kicser\u00e9lt\u00e9k, a v\u00edz fogyaszt\u00e1s\u00e1t azonban szerd\u00e1ig nem aj\u00e1nlj\u00e1k, addigra lesznek meg a laboreredm\u00e9nyek.<br \/>\nAz emberek t\u00f6bbnyire csal\u00f3dottan veszik tudom\u00e1sul, hogy a megszokott \u00e1rt\u00e9zi viz\u00fck\u00e9rt messzebbre kell menni. Az Isp\u00e1n k\u00f6r\u00fati \u00e9s a V\u00e1rkonyi t\u00e9ri kifoly\u00f3n\u00e1l egyar\u00e1nt t\u00e1bla figyelmeztet: \u201ea k\u00fat fert\u0151tlen\u00edt\u00e9s alatt, emberi \u00e9s \u00e1llati fogyaszt\u00e1sra akalmatlan\u201e. A kutat m\u0171k\u00f6dtet\u0151 v\u00edz- \u00e9s csatornam\u0171vekhez szombaton d\u00e9lel\u0151tt \u00e9rkezett a bejelent\u00e9s, nem folyik a v\u00edz. Mint kider\u00fclt, elromlott a k\u00e9t kifoly\u00f3t 8. \u00e9ve folyamatosan ell\u00e1t\u00f3 b\u00fav\u00e1rszivatty\u00fa, a hib\u00e1t azonban a h\u00e9t v\u00e9g\u00e9n nem tudt\u00e1k kijav\u00edtani. Ma \u00fajat szereltek fel, az \u00e1rt\u00e9zi v\u00edz ism\u00e9t folyik, a figyelmeztet\u0151 t\u00e1bl\u00e1kat pedig el\u0151vigy\u00e1zatoss\u00e1gb\u00f3l tett\u00e9k ki &#8211; tudta meg az Aktu\u00e1lis V\u00edz- \u00e9s Csatornam\u0171vek Koncesszi\u00f3s Zrt. \u00fczemigazgat\u00f3j\u00e1t\u00f3l. Jo\u00f3 Norbert azt is elmondta: nem tudj\u00e1k, hogy a cs\u0151h\u00e1l\u00f3zatban esetleg valami olyan anyag a csere folyam\u00e1n f\u00f6lszabadulhatott-e, ami k\u00e1ros anyagokat tartalmaz, ez\u00e9rt szaklabor vizsg\u00e1latot k\u00e9rtek. Az eredm\u00e9nyek legk\u00e9s\u0151bb szerd\u00e1ra v\u00e1rhat\u00f3ak, ha mindent rendben tal\u00e1l a labor, leker\u00fclnek a t\u00e1bl\u00e1k \u00e9s \u00fajra fogyaszthat\u00f3 lesz az Isp\u00e1ni k\u00f6r\u00fati \u00e9s a V\u00e1rkonyi t\u00e9ri k\u00fat vize. A probl\u00e9ma Szolnok t\u00f6bbi \u00e1rt\u00e9zi kifoly\u00f3j\u00e1t nem \u00e9rinti, \u00edgy a legk\u00f6zelebbi, V\u00e1rosmajor \u00fati k\u00fatb\u00f3l nyugodtan fogyaszthat a lakoss\u00e1g. <\/p>\n","protected":false},"excerpt":{"rendered":"<p>\u00c1tmenetileg nem \u00fczemel. K\u00e9t \u00e1rt\u00e9zi kifoly\u00f3t \u00e9rint a h\u00e9tv\u00e9gi meghib\u00e1sod\u00e1s, emiatt nem lehetett vizet venni az Isp\u00e1n k\u00f6r\u00fati \u00e9s a V\u00e1rkonyi t\u00e9ri k\u00fatb\u00f3l. Ma reggel a meghib\u00e1sodott szivatty\u00fat kicser\u00e9lt\u00e9k, a v\u00edz fogyaszt\u00e1s\u00e1t azonban szerd\u00e1ig nem aj\u00e1nlj\u00e1k, addigra lesznek meg a laboreredm\u00e9nyek. Az emberek t\u00f6bbnyire csal\u00f3dottan veszik tudom\u00e1sul, hogy a megszokott \u00e1rt\u00e9zi viz\u00fck\u00e9rt messzebbre kell menni. [&hellip;]<\/p>\n","protected":false},"author":2,"featured_media":0,"comment_status":"open","ping_status":"open","sticky":false,"template":"","format":"standard","meta":[],"categories":[22],"tags":[],"_links":{"self":[{"href":"http:\/\/archiv.szolnoktv.hu\/index.php?rest_route=\/wp\/v2\/posts\/27694"}],"collection":[{"href":"http:\/\/archiv.szolnoktv.hu\/index.php?rest_route=\/wp\/v2\/posts"}],"about":[{"href":"http:\/\/archiv.szolnoktv.hu\/index.php?rest_route=\/wp\/v2\/types\/post"}],"author":[{"embeddable":true,"href":"http:\/\/archiv.szolnoktv.hu\/index.php?rest_route=\/wp\/v2\/users\/2"}],"replies":[{"embeddable":true,"href":"http:\/\/archiv.szolnoktv.hu\/index.php?rest_route=%2Fwp%2Fv2%2Fcomments&post=27694"}],"version-history":[{"count":1,"href":"http:\/\/archiv.szolnoktv.hu\/index.php?rest_route=\/wp\/v2\/posts\/27694\/revisions"}],"predecessor-version":[{"id":27838,"href":"http:\/\/archiv.szolnoktv.hu\/index.php?rest_route=\/wp\/v2\/posts\/27694\/revisions\/27838"}],"wp:attachment":[{"href":"http:\/\/archiv.szolnoktv.hu\/index.php?rest_route=%2Fwp%2Fv2%2Fmedia&parent=27694"}],"wp:term":[{"taxonomy":"category","embeddable":true,"href":"http:\/\/archiv.szolnoktv.hu\/index.php?rest_route=%2Fwp%2Fv2%2Fcategories&post=27694"},{"taxonomy":"post_tag","embeddable":true,"href":"http:\/\/archiv.szolnoktv.hu\/index.php?rest_route=%2Fwp%2Fv2%2Ftags&post=27694"}],"curies":[{"name":"wp","href":"https:\/\/api.w.org\/{rel}","templated":true}]}}