{"id":27682,"date":"2009-03-03T20:50:43","date_gmt":"2009-03-03T20:50:43","guid":{"rendered":"http:\/\/archiv.szolnoktv.hu\/?p=27682"},"modified":"2021-11-11T19:36:02","modified_gmt":"2021-11-11T19:36:02","slug":"sportlok-veradasa","status":"publish","type":"post","link":"http:\/\/archiv.szolnoktv.hu\/?p=27682","title":{"rendered":"Sportl\u00f3k v\u00e9rad\u00e1sa"},"content":{"rendered":"<div class='booster-block booster-read-block'><\/div><p>&#8220;Eg\u00e9szs\u00e9ges vagy? Adj v\u00e9rt!&#8221;&#8221; Ezzel ugyanis \u00e9letet lehet menteni. A mai napon a Szolnok Soldiers \u00e9s a Szolnoki Sportcentrum k\u00f6z\u00f6sen sportol\u00f3i v\u00e1rad\u00f3 napot tartott. De term\u00e9szetesen nem csak sportol\u00f3k adt\u00e1k v\u00e9r\u00fcket. &#8221;<br \/>\nA Soldiers imm\u00e1r t\u00f6bb \u00e9ve hagyom\u00e1nyosan megrendezi ezt a v\u00e9rad\u00f3 napot. A v\u00e1rosi sportcsarnok konferencia term\u00e9t meglept\u00e9k az amerikai focist\u00e1k, akik v\u00e9r\u00fcket adt\u00e1k.A tengerent\u00fali j\u00e1t\u00e9k kedvel\u0151i nem f\u00e9ltek a t\u0171t\u0151l, a p\u00e1ly\u00e1n ugyanis komolyabb f\u00e1jdalmakat is elszenvedtek m\u00e1r. A katon\u00e1k k\u00f6z\u00f6tt akadt, aki nem most esett \u00e1t a t\u0171zkereszts\u00e9gen. A focist\u00e1k kezdem\u00e9nyez\u00e9s\u00e9hez csatlakozott a Szolnoki Sportcentrum is, melynek vezet\u0151i, dolgoz\u00f3i szint\u00e9n nem sajn\u00e1ltak f\u00e9l liter v\u00e9rt. A v\u00e9rad\u00e1s az el\u0151z\u0151 \u00e9vekhez hasonl\u00f3an ism\u00e9t sikeres volt \u00e9s egyre t\u00f6bben vesznek r\u00e9szt rajta.<\/p>\n","protected":false},"excerpt":{"rendered":"<p>&#8220;Eg\u00e9szs\u00e9ges vagy? Adj v\u00e9rt!&#8221;&#8221; Ezzel ugyanis \u00e9letet lehet menteni. A mai napon a Szolnok Soldiers \u00e9s a Szolnoki Sportcentrum k\u00f6z\u00f6sen sportol\u00f3i v\u00e1rad\u00f3 napot tartott. De term\u00e9szetesen nem csak sportol\u00f3k adt\u00e1k v\u00e9r\u00fcket. &#8221; A Soldiers imm\u00e1r t\u00f6bb \u00e9ve hagyom\u00e1nyosan megrendezi ezt a v\u00e9rad\u00f3 napot. A v\u00e1rosi sportcsarnok konferencia term\u00e9t meglept\u00e9k az amerikai focist\u00e1k, akik v\u00e9r\u00fcket adt\u00e1k.A [&hellip;]<\/p>\n","protected":false},"author":2,"featured_media":0,"comment_status":"open","ping_status":"open","sticky":false,"template":"","format":"standard","meta":[],"categories":[22],"tags":[],"_links":{"self":[{"href":"http:\/\/archiv.szolnoktv.hu\/index.php?rest_route=\/wp\/v2\/posts\/27682"}],"collection":[{"href":"http:\/\/archiv.szolnoktv.hu\/index.php?rest_route=\/wp\/v2\/posts"}],"about":[{"href":"http:\/\/archiv.szolnoktv.hu\/index.php?rest_route=\/wp\/v2\/types\/post"}],"author":[{"embeddable":true,"href":"http:\/\/archiv.szolnoktv.hu\/index.php?rest_route=\/wp\/v2\/users\/2"}],"replies":[{"embeddable":true,"href":"http:\/\/archiv.szolnoktv.hu\/index.php?rest_route=%2Fwp%2Fv2%2Fcomments&post=27682"}],"version-history":[{"count":1,"href":"http:\/\/archiv.szolnoktv.hu\/index.php?rest_route=\/wp\/v2\/posts\/27682\/revisions"}],"predecessor-version":[{"id":27855,"href":"http:\/\/archiv.szolnoktv.hu\/index.php?rest_route=\/wp\/v2\/posts\/27682\/revisions\/27855"}],"wp:attachment":[{"href":"http:\/\/archiv.szolnoktv.hu\/index.php?rest_route=%2Fwp%2Fv2%2Fmedia&parent=27682"}],"wp:term":[{"taxonomy":"category","embeddable":true,"href":"http:\/\/archiv.szolnoktv.hu\/index.php?rest_route=%2Fwp%2Fv2%2Fcategories&post=27682"},{"taxonomy":"post_tag","embeddable":true,"href":"http:\/\/archiv.szolnoktv.hu\/index.php?rest_route=%2Fwp%2Fv2%2Ftags&post=27682"}],"curies":[{"name":"wp","href":"https:\/\/api.w.org\/{rel}","templated":true}]}}