{"id":27681,"date":"2009-03-03T20:48:46","date_gmt":"2009-03-03T20:48:46","guid":{"rendered":"http:\/\/archiv.szolnoktv.hu\/?p=27681"},"modified":"2021-11-11T19:36:02","modified_gmt":"2021-11-11T19:36:02","slug":"masfel-honap-a-megnyitoig","status":"publish","type":"post","link":"http:\/\/archiv.szolnoktv.hu\/?p=27681","title":{"rendered":"M\u00e1sf\u00e9l h\u00f3nap a megnyit\u00f3ig"},"content":{"rendered":"<div class='booster-block booster-read-block'><\/div><p>A Stadler szolnoki gy\u00e1r\u00e1ban h\u00e9tf\u0151 \u00f3ta folyik a termel\u00e9s. A c\u00e9g minden, a termel\u00e9s elind\u00edt\u00e1s\u00e1hoz n\u00e9lk\u00fcl\u00f6zhetetlen enged\u00e9lyt megkapott.<br \/>\nMagyar \u00e9s sv\u00e1jci koll\u00e9g\u00e1ival s\u00e9t\u00e1l a szolnoki Stadler- gy\u00e1r igazgat\u00f3ja az udvaron. A hivatalos megnyit\u00f3ig egyetlen forgat\u00f3csoportot sem engednek be az \u00fczemi ter\u00fcletre. Pedig a sv\u00e1jci motorvonat- gy\u00e1rt\u00f3 c\u00e9gnek lenne mire b\u00fcszk\u00e9nek lennie. A t\u00e1rsas\u00e1g nemr\u00e9g a norv\u00e9g nemzeti vas\u00fat tender\u00e9n is nyert, \u00edgy m\u00e1r id\u00e9n 60 vonatot hegesztenek, festenek le a megyesz\u00e9khelyen. J\u00f6v\u0151re a tervek szerint kett\u0151sz\u00e1zat. A gazdas\u00e1gi v\u00e1ls\u00e1g- eddig- elker\u00fcli az ipari park legnagyobb betelep\u00fcl\u0151j\u00e9t.\u00c1prilis huszonharmadik\u00e1n lesz a hivatalos gy\u00e1r- megnyit\u00f3. Azut\u00e1n k\u00e9sz\u00fclhetnek felv\u00e9telek a Stadler szolnoki gy\u00e1r\u00e1ban.<\/p>\n","protected":false},"excerpt":{"rendered":"<p>A Stadler szolnoki gy\u00e1r\u00e1ban h\u00e9tf\u0151 \u00f3ta folyik a termel\u00e9s. A c\u00e9g minden, a termel\u00e9s elind\u00edt\u00e1s\u00e1hoz n\u00e9lk\u00fcl\u00f6zhetetlen enged\u00e9lyt megkapott. Magyar \u00e9s sv\u00e1jci koll\u00e9g\u00e1ival s\u00e9t\u00e1l a szolnoki Stadler- gy\u00e1r igazgat\u00f3ja az udvaron. A hivatalos megnyit\u00f3ig egyetlen forgat\u00f3csoportot sem engednek be az \u00fczemi ter\u00fcletre. Pedig a sv\u00e1jci motorvonat- gy\u00e1rt\u00f3 c\u00e9gnek lenne mire b\u00fcszk\u00e9nek lennie. A t\u00e1rsas\u00e1g nemr\u00e9g a [&hellip;]<\/p>\n","protected":false},"author":2,"featured_media":0,"comment_status":"open","ping_status":"open","sticky":false,"template":"","format":"standard","meta":[],"categories":[22],"tags":[],"_links":{"self":[{"href":"http:\/\/archiv.szolnoktv.hu\/index.php?rest_route=\/wp\/v2\/posts\/27681"}],"collection":[{"href":"http:\/\/archiv.szolnoktv.hu\/index.php?rest_route=\/wp\/v2\/posts"}],"about":[{"href":"http:\/\/archiv.szolnoktv.hu\/index.php?rest_route=\/wp\/v2\/types\/post"}],"author":[{"embeddable":true,"href":"http:\/\/archiv.szolnoktv.hu\/index.php?rest_route=\/wp\/v2\/users\/2"}],"replies":[{"embeddable":true,"href":"http:\/\/archiv.szolnoktv.hu\/index.php?rest_route=%2Fwp%2Fv2%2Fcomments&post=27681"}],"version-history":[{"count":1,"href":"http:\/\/archiv.szolnoktv.hu\/index.php?rest_route=\/wp\/v2\/posts\/27681\/revisions"}],"predecessor-version":[{"id":27856,"href":"http:\/\/archiv.szolnoktv.hu\/index.php?rest_route=\/wp\/v2\/posts\/27681\/revisions\/27856"}],"wp:attachment":[{"href":"http:\/\/archiv.szolnoktv.hu\/index.php?rest_route=%2Fwp%2Fv2%2Fmedia&parent=27681"}],"wp:term":[{"taxonomy":"category","embeddable":true,"href":"http:\/\/archiv.szolnoktv.hu\/index.php?rest_route=%2Fwp%2Fv2%2Fcategories&post=27681"},{"taxonomy":"post_tag","embeddable":true,"href":"http:\/\/archiv.szolnoktv.hu\/index.php?rest_route=%2Fwp%2Fv2%2Ftags&post=27681"}],"curies":[{"name":"wp","href":"https:\/\/api.w.org\/{rel}","templated":true}]}}