{"id":27549,"date":"2009-03-02T20:52:07","date_gmt":"2009-03-02T20:52:07","guid":{"rendered":"http:\/\/archiv.szolnoktv.hu\/?p=27549"},"modified":"2021-11-11T19:15:47","modified_gmt":"2021-11-11T19:15:47","slug":"tiszta-szivvel-szolnokert-8","status":"publish","type":"post","link":"http:\/\/archiv.szolnoktv.hu\/?p=27549","title":{"rendered":"Tiszta sz\u00edvvel Szolnok\u00e9rt"},"content":{"rendered":"<div class='booster-block booster-read-block'><\/div><p>Az eg\u00e9szs\u00e9g\u00fcgy ma m\u00e1r betegs\u00e9g\u00fcgy. Ezt mondta a polg\u00e1rmester a Tiszta Sz\u00edvvel Szolnok\u00e9rt egy hetes sz\u0171r\u0151program megnyit\u00f3j\u00e1n. Az ingyenes vizsg\u00e1latokon, melynek k\u00f6z\u00e9ppontj\u00e1ba ez\u00fattal a hall\u00e1st helyezt\u00e9k, egyre t\u00f6bben vesznek r\u00e9szt.<br \/>\nTiszta Sz\u00edvvel Szolnok\u00e9rt! Imm\u00e1r hagyom\u00e1ny, hogy a v\u00e1rosban ingyenes sz\u0171r\u0151vizsg\u00e1latokat rendeznek. A v\u00e9rnyom\u00e1s \u00e9s v\u00e9rcukorszint m\u00e9r\u00e9s, az urol\u00f3giai, vagy a b\u0151rgy\u00f3gy\u00e1szati vizsg\u00e1latok f\u0151leg az id\u0151sebb koroszt\u00e1lyt vonzz\u00e1k, ugyanakkor minden alkalommal egyre t\u00f6bben ig\u00e9nyelnek ak\u00e1r teljes k\u00f6r\u0171 kivizsg\u00e1l\u00e1st is. Az idei sz\u0171r\u0151h\u00e9t k\u00f6z\u00e9ppontj\u00e1ban ez\u00fattal a hall\u00e1st helyezt\u00e9k. Az ingyenes sz\u0171r\u0151vizsg\u00e1lat egy h\u00e9tig tart. Kedden a Kod\u00e1ly Zolt\u00e1n \u00c1ltal\u00e1nos Iskol\u00e1ban, szerd\u00e1n a Szandasz\u0151l\u0151si \u00c1ltal\u00e1nos Iskol\u00e1ban, cs\u00fct\u00f6rt\u00f6k\u00f6n VOKE Csom\u00f3ponti M\u0171vel\u0151d\u00e9si H\u00e1zban, p\u00e9nteken az Eg\u00e9szs\u00e9g\u00fcgyi Szakiskol\u00e1ban, szombaton pedig a Hild Viktor V\u00e1rosi K\u00f6nyvt\u00e1rban lehet jelentkezni a vizsg\u00e1latokra. B\u00e1r a z\u00e1r\u00f3program p\u00e9nteken lesz, h\u00e9tf\u0151n , azaz m\u00e1rcius 9-\u00e9n a Kertv\u00e1rosi K\u00f6z\u00f6ss\u00e9gi H\u00e1zban m\u00e9g b\u00e1rki megvizsg\u00e1ltathatja mag\u00e1t.<\/p>\n","protected":false},"excerpt":{"rendered":"<p>Az eg\u00e9szs\u00e9g\u00fcgy ma m\u00e1r betegs\u00e9g\u00fcgy. Ezt mondta a polg\u00e1rmester a Tiszta Sz\u00edvvel Szolnok\u00e9rt egy hetes sz\u0171r\u0151program megnyit\u00f3j\u00e1n. Az ingyenes vizsg\u00e1latokon, melynek k\u00f6z\u00e9ppontj\u00e1ba ez\u00fattal a hall\u00e1st helyezt\u00e9k, egyre t\u00f6bben vesznek r\u00e9szt. Tiszta Sz\u00edvvel Szolnok\u00e9rt! Imm\u00e1r hagyom\u00e1ny, hogy a v\u00e1rosban ingyenes sz\u0171r\u0151vizsg\u00e1latokat rendeznek. A v\u00e9rnyom\u00e1s \u00e9s v\u00e9rcukorszint m\u00e9r\u00e9s, az urol\u00f3giai, vagy a b\u0151rgy\u00f3gy\u00e1szati vizsg\u00e1latok f\u0151leg az id\u0151sebb [&hellip;]<\/p>\n","protected":false},"author":2,"featured_media":0,"comment_status":"open","ping_status":"open","sticky":false,"template":"","format":"standard","meta":[],"categories":[22],"tags":[],"_links":{"self":[{"href":"http:\/\/archiv.szolnoktv.hu\/index.php?rest_route=\/wp\/v2\/posts\/27549"}],"collection":[{"href":"http:\/\/archiv.szolnoktv.hu\/index.php?rest_route=\/wp\/v2\/posts"}],"about":[{"href":"http:\/\/archiv.szolnoktv.hu\/index.php?rest_route=\/wp\/v2\/types\/post"}],"author":[{"embeddable":true,"href":"http:\/\/archiv.szolnoktv.hu\/index.php?rest_route=\/wp\/v2\/users\/2"}],"replies":[{"embeddable":true,"href":"http:\/\/archiv.szolnoktv.hu\/index.php?rest_route=%2Fwp%2Fv2%2Fcomments&post=27549"}],"version-history":[{"count":1,"href":"http:\/\/archiv.szolnoktv.hu\/index.php?rest_route=\/wp\/v2\/posts\/27549\/revisions"}],"predecessor-version":[{"id":27552,"href":"http:\/\/archiv.szolnoktv.hu\/index.php?rest_route=\/wp\/v2\/posts\/27549\/revisions\/27552"}],"wp:attachment":[{"href":"http:\/\/archiv.szolnoktv.hu\/index.php?rest_route=%2Fwp%2Fv2%2Fmedia&parent=27549"}],"wp:term":[{"taxonomy":"category","embeddable":true,"href":"http:\/\/archiv.szolnoktv.hu\/index.php?rest_route=%2Fwp%2Fv2%2Fcategories&post=27549"},{"taxonomy":"post_tag","embeddable":true,"href":"http:\/\/archiv.szolnoktv.hu\/index.php?rest_route=%2Fwp%2Fv2%2Ftags&post=27549"}],"curies":[{"name":"wp","href":"https:\/\/api.w.org\/{rel}","templated":true}]}}