{"id":27548,"date":"2009-03-02T20:50:25","date_gmt":"2009-03-02T20:50:25","guid":{"rendered":"http:\/\/archiv.szolnoktv.hu\/?p=27548"},"modified":"2021-11-11T19:15:48","modified_gmt":"2021-11-11T19:15:48","slug":"fogasi-eredmenyek","status":"publish","type":"post","link":"http:\/\/archiv.szolnoktv.hu\/?p=27548","title":{"rendered":"Fog\u00e1si eredm\u00e9nyek"},"content":{"rendered":"<div class='booster-block booster-read-block'><\/div><p>Felem\u00e1s esztend\u0151. \u00d6sszess\u00e9g\u00e9ben n\u0151tt, \u00e1m akadnak vizek ahol drasztikusan visszaesett a halfog\u00e1s. Erre mutat r\u00e1 a horg\u00e1szok janu\u00e1rban leadott fog\u00e1si napl\u00f3ja. A K\u00f6z\u00e9p- Tisza Vid\u00e9k\u00e9re vonatkoz\u00f3 2008- as kimutat\u00e1s a napokban k\u00e9sz\u00fclt el.<br \/>\nNem hi\u00e1ba \u00e1ztatt\u00e1k a damilt 2008- ban sem a k\u00f6rny\u00e9k horg\u00e1szai. Szem\u00e9lyenk\u00e9nt \u00e1tlagosan 22 kilogramm halat zs\u00e1km\u00e1nyoltak a pec\u00e1sok, akikb\u0151l 18 ezret tartanak sz\u00e1mon a K\u00f6z\u00e9p- Tisza Vid\u00e9k\u00e9n. A napokban elk\u00e9sz\u00fclt kimutat\u00e1s a fog\u00e1s enyhe n\u00f6veked\u00e9s\u00e9t mutatja. Kor\u00e1ntsem mondhatj\u00e1k ugyanezt el a term\u00e9szetes vizeken m\u0171k\u00f6d\u0151 egyes\u00fcletek. A tart\u00f3san magas, majd extr\u00e9m alacsony v\u00edz\u00e1ll\u00e1s miatt besz\u0171k\u00fclt a halas napok sz\u00e1ma. Ezt tet\u00e9zte a kormor\u00e1nok t\u00f6meges megjelen\u00e9se. A legjobb eredm\u00e9nyt az Abonyi Horg\u00e1szegyes\u00fclet \u00e9rte el, ahol 57 \u00e9s f\u00e9l kilogramm hal jutott egy f\u0151re. A leggyeng\u00e9bb fog\u00e1st a Zagyva \u00e9s Tarna pec\u00e1sai \u00e9rt\u00e9k el. Az Alcsi Holt- Tisz\u00e1n \u00f6sszesen 126 m\u00e1zsa kifogott halr\u00f3l tan\u00faskodik az \u00f6sszes\u00edt\u00e9s- ez azonban felmehet 200 m\u00e1zs\u00e1ra is, tekintve, hogy a szolg\u00e1lati- \u00e9s orsz\u00e1gos jegyekkel rendelkez\u0151k, valamint az idel\u00e1togat\u00f3 k\u00fclf\u00f6ldiek eredm\u00e9nyeit m\u00e9g nem adt\u00e1k hozz\u00e1 a kimutat\u00e1shoz. A n\u00e9pszer\u0171s\u00e9gi list\u00e1t a ponty vezeti, de a ragadoz\u00f3 halak is jelent\u0151s ar\u00e1nyban k\u00e9pviseltetik magukat. S m\u00e9g egy fontos t\u00e9ny: 2008- ban ism\u00e9t n\u0151tt a horg\u00e1szok sz\u00e1ma a sz\u00f6vets\u00e9ghez tartoz\u00f3 67 egyes\u00fcletn\u00e9l.<\/p>\n","protected":false},"excerpt":{"rendered":"<p>Felem\u00e1s esztend\u0151. \u00d6sszess\u00e9g\u00e9ben n\u0151tt, \u00e1m akadnak vizek ahol drasztikusan visszaesett a halfog\u00e1s. Erre mutat r\u00e1 a horg\u00e1szok janu\u00e1rban leadott fog\u00e1si napl\u00f3ja. A K\u00f6z\u00e9p- Tisza Vid\u00e9k\u00e9re vonatkoz\u00f3 2008- as kimutat\u00e1s a napokban k\u00e9sz\u00fclt el. Nem hi\u00e1ba \u00e1ztatt\u00e1k a damilt 2008- ban sem a k\u00f6rny\u00e9k horg\u00e1szai. Szem\u00e9lyenk\u00e9nt \u00e1tlagosan 22 kilogramm halat zs\u00e1km\u00e1nyoltak a pec\u00e1sok, akikb\u0151l 18 ezret [&hellip;]<\/p>\n","protected":false},"author":2,"featured_media":0,"comment_status":"open","ping_status":"open","sticky":false,"template":"","format":"standard","meta":[],"categories":[22],"tags":[],"_links":{"self":[{"href":"http:\/\/archiv.szolnoktv.hu\/index.php?rest_route=\/wp\/v2\/posts\/27548"}],"collection":[{"href":"http:\/\/archiv.szolnoktv.hu\/index.php?rest_route=\/wp\/v2\/posts"}],"about":[{"href":"http:\/\/archiv.szolnoktv.hu\/index.php?rest_route=\/wp\/v2\/types\/post"}],"author":[{"embeddable":true,"href":"http:\/\/archiv.szolnoktv.hu\/index.php?rest_route=\/wp\/v2\/users\/2"}],"replies":[{"embeddable":true,"href":"http:\/\/archiv.szolnoktv.hu\/index.php?rest_route=%2Fwp%2Fv2%2Fcomments&post=27548"}],"version-history":[{"count":1,"href":"http:\/\/archiv.szolnoktv.hu\/index.php?rest_route=\/wp\/v2\/posts\/27548\/revisions"}],"predecessor-version":[{"id":27553,"href":"http:\/\/archiv.szolnoktv.hu\/index.php?rest_route=\/wp\/v2\/posts\/27548\/revisions\/27553"}],"wp:attachment":[{"href":"http:\/\/archiv.szolnoktv.hu\/index.php?rest_route=%2Fwp%2Fv2%2Fmedia&parent=27548"}],"wp:term":[{"taxonomy":"category","embeddable":true,"href":"http:\/\/archiv.szolnoktv.hu\/index.php?rest_route=%2Fwp%2Fv2%2Fcategories&post=27548"},{"taxonomy":"post_tag","embeddable":true,"href":"http:\/\/archiv.szolnoktv.hu\/index.php?rest_route=%2Fwp%2Fv2%2Ftags&post=27548"}],"curies":[{"name":"wp","href":"https:\/\/api.w.org\/{rel}","templated":true}]}}