{"id":27048,"date":"2010-12-30T14:26:01","date_gmt":"2010-12-30T14:26:01","guid":{"rendered":"http:\/\/archiv.szolnoktv.hu\/?p=27048"},"modified":"2021-11-08T08:21:34","modified_gmt":"2021-11-08T08:21:34","slug":"szilveszter-hatarok-nelkul-video","status":"publish","type":"post","link":"http:\/\/archiv.szolnoktv.hu\/?p=27048","title":{"rendered":"Szilveszter hat\u00e1rok n\u00e9lk\u00fcl+ VIDEO"},"content":{"rendered":"<div class='booster-block booster-read-block'><\/div><p>Negyedik alkalommal rendezi meg a Szolnoki Szigligeti Sz\u00ednh\u00e1z Szilveszter Hat\u00e1rok N\u00e9lk\u00fcl c\u00edm\u0171 produkci\u00f3j\u00e1t. A g\u00e1l\u00e1t a duna Telev\u00edzi\u00f3 k\u00f6zvet\u00edti<br \/>\n<br \/> A z\u00f6m\u00e9ben pr\u00f3zai darabokat j\u00e1tsz\u00f3  sz\u00edni t\u00e1rsulat, vend\u00e9gm\u0171v\u00e9szekkel eg\u00e9sz\u00fcl ki a g\u00e1l\u00e1ra -emelte ki Bal\u00e1zs P\u00e9ter, aki az est rendez\u0151je \u00e9s szerepl\u0151je is.  40 tag\u00fa zenekar,  120 szerepl\u0151 gondoskodik majd az impoz\u00e1ns hangulatr\u00f3l. Fergeteges ritmusban, konfer\u00e1l\u00e1s n\u00e9lk\u00fcl  zajlanak majd az esem\u00e9nyek a sz\u00ednpadon 2,5 \u00f3r\u00e1n \u00e1t.   Az operett\u0151l, a kupl\u00e9kon \u00e1t a vil\u00e1gzen\u00e9ig mindenf\u00e9le m\u0171fajt  hallhat \u00e9s l\u00e1that a k\u00f6z\u00f6ns\u00e9g.  A g\u00e1l\u00e1t \u00d6n\u00f6k is l\u00e1thatj\u00e1k december 31-\u00e9n este f\u00e9l 10-t\u0151l a Duna Telev\u00edzi\u00f3n.<br \/>\n<div style=\"width: 640px;\" class=\"wp-video\"><!--[if lt IE 9]><script>document.createElement('video');<\/script><![endif]-->\n<video class=\"wp-video-shortcode\" id=\"video-27048-1\" width=\"640\" height=\"360\" preload=\"metadata\" controls=\"controls\"><source type=\"video\/mp4\" src=\"\/spots\/hir\/hir_101230_01.mp4?_=1\" \/><a href=\"\/spots\/hir\/hir_101230_01.mp4\">\/spots\/hir\/hir_101230_01.mp4<\/a><\/video><\/div><\/p>\n","protected":false},"excerpt":{"rendered":"<p>Negyedik alkalommal rendezi meg a Szolnoki Szigligeti Sz\u00ednh\u00e1z Szilveszter Hat\u00e1rok N\u00e9lk\u00fcl c\u00edm\u0171 produkci\u00f3j\u00e1t. A g\u00e1l\u00e1t a duna Telev\u00edzi\u00f3 k\u00f6zvet\u00edti A z\u00f6m\u00e9ben pr\u00f3zai darabokat j\u00e1tsz\u00f3 sz\u00edni t\u00e1rsulat, vend\u00e9gm\u0171v\u00e9szekkel eg\u00e9sz\u00fcl ki a g\u00e1l\u00e1ra -emelte ki Bal\u00e1zs P\u00e9ter, aki az est rendez\u0151je \u00e9s szerepl\u0151je is. 40 tag\u00fa zenekar, 120 szerepl\u0151 gondoskodik majd az impoz\u00e1ns hangulatr\u00f3l. Fergeteges ritmusban, konfer\u00e1l\u00e1s [&hellip;]<\/p>\n","protected":false},"author":2,"featured_media":0,"comment_status":"closed","ping_status":"closed","sticky":false,"template":"","format":"standard","meta":[],"categories":[15],"tags":[],"_links":{"self":[{"href":"http:\/\/archiv.szolnoktv.hu\/index.php?rest_route=\/wp\/v2\/posts\/27048"}],"collection":[{"href":"http:\/\/archiv.szolnoktv.hu\/index.php?rest_route=\/wp\/v2\/posts"}],"about":[{"href":"http:\/\/archiv.szolnoktv.hu\/index.php?rest_route=\/wp\/v2\/types\/post"}],"author":[{"embeddable":true,"href":"http:\/\/archiv.szolnoktv.hu\/index.php?rest_route=\/wp\/v2\/users\/2"}],"replies":[{"embeddable":true,"href":"http:\/\/archiv.szolnoktv.hu\/index.php?rest_route=%2Fwp%2Fv2%2Fcomments&post=27048"}],"version-history":[{"count":1,"href":"http:\/\/archiv.szolnoktv.hu\/index.php?rest_route=\/wp\/v2\/posts\/27048\/revisions"}],"predecessor-version":[{"id":27053,"href":"http:\/\/archiv.szolnoktv.hu\/index.php?rest_route=\/wp\/v2\/posts\/27048\/revisions\/27053"}],"wp:attachment":[{"href":"http:\/\/archiv.szolnoktv.hu\/index.php?rest_route=%2Fwp%2Fv2%2Fmedia&parent=27048"}],"wp:term":[{"taxonomy":"category","embeddable":true,"href":"http:\/\/archiv.szolnoktv.hu\/index.php?rest_route=%2Fwp%2Fv2%2Fcategories&post=27048"},{"taxonomy":"post_tag","embeddable":true,"href":"http:\/\/archiv.szolnoktv.hu\/index.php?rest_route=%2Fwp%2Fv2%2Ftags&post=27048"}],"curies":[{"name":"wp","href":"https:\/\/api.w.org\/{rel}","templated":true}]}}