{"id":27041,"date":"2010-12-28T15:42:22","date_gmt":"2010-12-28T15:42:22","guid":{"rendered":"http:\/\/archiv.szolnoktv.hu\/?p=27041"},"modified":"2021-11-08T08:22:32","modified_gmt":"2021-11-08T08:22:32","slug":"szilveszterezzen-velunk-video","status":"publish","type":"post","link":"http:\/\/archiv.szolnoktv.hu\/?p=27041","title":{"rendered":"Szilveszterezzen vel\u00fcnk+ VIDEO"},"content":{"rendered":"<div class='booster-block booster-read-block'><\/div><p>N\u00e1lunk kor\u00e1bban kezd\u0151dik 2011. Id\u00e9n is el\u0151szilveszteri m\u0171sorral b\u00facs\u00fazik az \u00f3\u00e9vt\u0151l szerkeszt\u0151s\u00e9g\u00fcnk. A december harmincadikai \u00e9l\u0151 ad\u00e1s el\u0151k\u00e9sz\u00fcletei m\u00e1r jav\u00e1ban zajlanak.<br \/>\n<br \/>A sz\u00e1m\u00edt\u00f3g\u00e9p vincseszter\u00e9n lassan \u00f6ssze\u00e1ll a \u00f3\u00e9vb\u00facs\u00faztat\u00f3 m\u0171sor teljes programja. A produkci\u00f3 gazd\u00e1ja: Szekeres S\u00e1ndor koll\u00e9g\u00e1nk igyekszik id\u00e9n is minden koroszt\u00e1lyt megsz\u00f3l\u00edtani. A gyerekek Fazekas Mih\u00e1ly 100 esztendeje megjelent m\u0171v\u00e9nek rajzfilmv\u00e1ltozat\u00e1n kereszt\u00fcl izgulhatj\u00e1k v\u00e9gig Ludas Matyi t\u00f6rt\u00e9net\u00e9t. A feln\u00f6tteknek sz\u00e1nt csemege a Schwajda Gy\u00f6rgy m\u0171ve nyom\u00e1n sz\u00fcletett Leg\u00e9nyanya c\u00edm\u0171 film Eperjes K\u00e1rollyal a f\u0151szerepben. A m\u0171sorvezet\u0151p\u00e1ros Szolovjov Rita \u00e9s Torda Ferenc id\u00e9n is k\u00e9rd\u00e9sekkel bomb\u00e1zza majd n\u00e9z\u0151inket. Az idei el\u0151szilveszteri m\u0171sorban az &#8222;\u00f3\u00e9v legjei&#8221; mellett t\u00f6bb id\u0151 jut majd a n\u00f3t\u00e1ra, a humorra, a kabar\u00e9ra. De \u00e9rdemes azoknak is vel\u00fcnk tartani, akik hisznek a sorselemz\u00e9sben \u00e9s adnak a j\u00f3sok szav\u00e1ra. A program cs\u00fct\u00f6rt\u00f6k\u00f6n, december 30.- \u00e1n 15 \u00f3rakkor stratol, s eg\u00e9szen \u00e9jf\u00e9lig tart majd.<br \/>\n<div style=\"width: 640px;\" class=\"wp-video\"><!--[if lt IE 9]><script>document.createElement('video');<\/script><![endif]-->\n<video class=\"wp-video-shortcode\" id=\"video-27041-1\" width=\"640\" height=\"360\" preload=\"metadata\" controls=\"controls\"><source type=\"video\/mp4\" src=\"\/spots\/hir\/hir_101229_05.mp4?_=1\" \/><a href=\"\/spots\/hir\/hir_101229_05.mp4\">\/spots\/hir\/hir_101229_05.mp4<\/a><\/video><\/div><\/p>\n","protected":false},"excerpt":{"rendered":"<p>N\u00e1lunk kor\u00e1bban kezd\u0151dik 2011. Id\u00e9n is el\u0151szilveszteri m\u0171sorral b\u00facs\u00fazik az \u00f3\u00e9vt\u0151l szerkeszt\u0151s\u00e9g\u00fcnk. A december harmincadikai \u00e9l\u0151 ad\u00e1s el\u0151k\u00e9sz\u00fcletei m\u00e1r jav\u00e1ban zajlanak. A sz\u00e1m\u00edt\u00f3g\u00e9p vincseszter\u00e9n lassan \u00f6ssze\u00e1ll a \u00f3\u00e9vb\u00facs\u00faztat\u00f3 m\u0171sor teljes programja. A produkci\u00f3 gazd\u00e1ja: Szekeres S\u00e1ndor koll\u00e9g\u00e1nk igyekszik id\u00e9n is minden koroszt\u00e1lyt megsz\u00f3l\u00edtani. A gyerekek Fazekas Mih\u00e1ly 100 esztendeje megjelent m\u0171v\u00e9nek rajzfilmv\u00e1ltozat\u00e1n kereszt\u00fcl izgulhatj\u00e1k v\u00e9gig [&hellip;]<\/p>\n","protected":false},"author":2,"featured_media":0,"comment_status":"closed","ping_status":"closed","sticky":false,"template":"","format":"standard","meta":[],"categories":[15],"tags":[],"_links":{"self":[{"href":"http:\/\/archiv.szolnoktv.hu\/index.php?rest_route=\/wp\/v2\/posts\/27041"}],"collection":[{"href":"http:\/\/archiv.szolnoktv.hu\/index.php?rest_route=\/wp\/v2\/posts"}],"about":[{"href":"http:\/\/archiv.szolnoktv.hu\/index.php?rest_route=\/wp\/v2\/types\/post"}],"author":[{"embeddable":true,"href":"http:\/\/archiv.szolnoktv.hu\/index.php?rest_route=\/wp\/v2\/users\/2"}],"replies":[{"embeddable":true,"href":"http:\/\/archiv.szolnoktv.hu\/index.php?rest_route=%2Fwp%2Fv2%2Fcomments&post=27041"}],"version-history":[{"count":1,"href":"http:\/\/archiv.szolnoktv.hu\/index.php?rest_route=\/wp\/v2\/posts\/27041\/revisions"}],"predecessor-version":[{"id":27060,"href":"http:\/\/archiv.szolnoktv.hu\/index.php?rest_route=\/wp\/v2\/posts\/27041\/revisions\/27060"}],"wp:attachment":[{"href":"http:\/\/archiv.szolnoktv.hu\/index.php?rest_route=%2Fwp%2Fv2%2Fmedia&parent=27041"}],"wp:term":[{"taxonomy":"category","embeddable":true,"href":"http:\/\/archiv.szolnoktv.hu\/index.php?rest_route=%2Fwp%2Fv2%2Fcategories&post=27041"},{"taxonomy":"post_tag","embeddable":true,"href":"http:\/\/archiv.szolnoktv.hu\/index.php?rest_route=%2Fwp%2Fv2%2Ftags&post=27041"}],"curies":[{"name":"wp","href":"https:\/\/api.w.org\/{rel}","templated":true}]}}