{"id":27027,"date":"2010-12-21T16:02:16","date_gmt":"2010-12-21T16:02:16","guid":{"rendered":"http:\/\/archiv.szolnoktv.hu\/?p=27027"},"modified":"2021-11-08T08:24:25","modified_gmt":"2021-11-08T08:24:25","slug":"sportolok-koszontese-4","status":"publish","type":"post","link":"http:\/\/archiv.szolnoktv.hu\/?p=27027","title":{"rendered":"Sportol\u00f3k k\u00f6sz\u00f6nt\u00e9se"},"content":{"rendered":"<div class='booster-block booster-read-block'><\/div><p>Vil\u00e1gbajnoki c\u00edm, illetve bronz\u00e9rem kellett ahhoz, hogy valaki 2010 legeredm\u00e9nyesebb szolnoki sportol\u00f3ja legyen. Foll\u00e1th Vivien kajakos \u00e9s Sarudi P\u00e1l kenus kapta a legmagasabb elismer\u00e9st a ma d\u00e9lel\u0151tti d\u00edj\u00e1tad\u00f3n, de rajtuk k\u00edv\u00fcl m\u00e9g 99, kiv\u00e1l\u00f3 hazai \u00e9s nemzetk\u00f6zi eredm\u00e9nyt el\u00e9rt sportol\u00f3, valamint edz\u0151ik teljes\u00edtm\u00e9ny\u00e9t is jutalmazta a v\u00e1ros.<br \/>\n<br \/>A v\u00e1rosh\u00e1za d\u00edszterm\u00e9ben atl\u00e9t\u00e1k, er\u0151emel\u0151k, \u00f6k\u00f6lv\u00edv\u00f3k, minigolfoz\u00f3k, evez\u0151s\u00f6k, ejt\u0151erny\u0151s\u00f6k idei teljes\u00edtm\u00e9nye el\u0151tt tisztelgett a v\u00e1ros. A szolnoki egyes\u00fcletekben \u00e9s a sportiskola sz\u00edneiben indul\u00f3 versenyz\u0151k id\u00e9n is sz\u00e1mtalan bajnoki c\u00edmet, \u00e9rt\u00e9kes helyez\u00e9st \u00e9rtek el. Az idei \u00e9v legeredm\u00e9nyesebb szolnoki f\u00e9rfi sportol\u00f3ja Sarudi P\u00e1l, aki vil\u00e1gbajnoki bronz\u00e9rmet szerzett a kenu egyesek ezerm\u00e9teres versenysz\u00e1m\u00e1ban. A v\u00e1ros legeredm\u00e9nyesebb sportol\u00f3n\u0151je id\u00e9n az \u00f6tezer m\u00e9teren kajakvil\u00e1gbajnok Foll\u00e1th Vivien.<br \/>\n<div style=\"width: 640px;\" class=\"wp-video\"><!--[if lt IE 9]><script>document.createElement('video');<\/script><![endif]-->\n<video class=\"wp-video-shortcode\" id=\"video-27027-1\" width=\"640\" height=\"360\" preload=\"metadata\" controls=\"controls\"><source type=\"video\/mp4\" src=\"\/spots\/hir\/hir_101221_01.mp4?_=1\" \/><a href=\"\/spots\/hir\/hir_101221_01.mp4\">\/spots\/hir\/hir_101221_01.mp4<\/a><\/video><\/div><\/p>\n","protected":false},"excerpt":{"rendered":"<p>Vil\u00e1gbajnoki c\u00edm, illetve bronz\u00e9rem kellett ahhoz, hogy valaki 2010 legeredm\u00e9nyesebb szolnoki sportol\u00f3ja legyen. Foll\u00e1th Vivien kajakos \u00e9s Sarudi P\u00e1l kenus kapta a legmagasabb elismer\u00e9st a ma d\u00e9lel\u0151tti d\u00edj\u00e1tad\u00f3n, de rajtuk k\u00edv\u00fcl m\u00e9g 99, kiv\u00e1l\u00f3 hazai \u00e9s nemzetk\u00f6zi eredm\u00e9nyt el\u00e9rt sportol\u00f3, valamint edz\u0151ik teljes\u00edtm\u00e9ny\u00e9t is jutalmazta a v\u00e1ros. A v\u00e1rosh\u00e1za d\u00edszterm\u00e9ben atl\u00e9t\u00e1k, er\u0151emel\u0151k, \u00f6k\u00f6lv\u00edv\u00f3k, minigolfoz\u00f3k, evez\u0151s\u00f6k, [&hellip;]<\/p>\n","protected":false},"author":2,"featured_media":0,"comment_status":"closed","ping_status":"closed","sticky":false,"template":"","format":"standard","meta":[],"categories":[15],"tags":[],"_links":{"self":[{"href":"http:\/\/archiv.szolnoktv.hu\/index.php?rest_route=\/wp\/v2\/posts\/27027"}],"collection":[{"href":"http:\/\/archiv.szolnoktv.hu\/index.php?rest_route=\/wp\/v2\/posts"}],"about":[{"href":"http:\/\/archiv.szolnoktv.hu\/index.php?rest_route=\/wp\/v2\/types\/post"}],"author":[{"embeddable":true,"href":"http:\/\/archiv.szolnoktv.hu\/index.php?rest_route=\/wp\/v2\/users\/2"}],"replies":[{"embeddable":true,"href":"http:\/\/archiv.szolnoktv.hu\/index.php?rest_route=%2Fwp%2Fv2%2Fcomments&post=27027"}],"version-history":[{"count":1,"href":"http:\/\/archiv.szolnoktv.hu\/index.php?rest_route=\/wp\/v2\/posts\/27027\/revisions"}],"predecessor-version":[{"id":27074,"href":"http:\/\/archiv.szolnoktv.hu\/index.php?rest_route=\/wp\/v2\/posts\/27027\/revisions\/27074"}],"wp:attachment":[{"href":"http:\/\/archiv.szolnoktv.hu\/index.php?rest_route=%2Fwp%2Fv2%2Fmedia&parent=27027"}],"wp:term":[{"taxonomy":"category","embeddable":true,"href":"http:\/\/archiv.szolnoktv.hu\/index.php?rest_route=%2Fwp%2Fv2%2Fcategories&post=27027"},{"taxonomy":"post_tag","embeddable":true,"href":"http:\/\/archiv.szolnoktv.hu\/index.php?rest_route=%2Fwp%2Fv2%2Ftags&post=27027"}],"curies":[{"name":"wp","href":"https:\/\/api.w.org\/{rel}","templated":true}]}}