{"id":27026,"date":"2010-12-21T16:00:28","date_gmt":"2010-12-21T16:00:28","guid":{"rendered":"http:\/\/archiv.szolnoktv.hu\/?p=27026"},"modified":"2021-11-08T08:24:34","modified_gmt":"2021-11-08T08:24:34","slug":"fogyasztovedelmi-tajekoztatas-vevoknek-arusoknak-egyarant","status":"publish","type":"post","link":"http:\/\/archiv.szolnoktv.hu\/?p=27026","title":{"rendered":"Fogyaszt\u00f3v\u00e9delmi t\u00e1j\u00e9koztat\u00e1s vev\u0151knek, \u00e1rusoknak egyar\u00e1nt"},"content":{"rendered":"<div class='booster-block booster-read-block'><\/div><p>Seg\u00edts\u00e9get ny\u00fajtanak. A Nemzeti Fogyaszt\u00f3v\u00e9delmi Hat\u00f3s\u00e1g \u00c9szak-alf\u00f6ldi kirendelts\u00e9g\u00e9nek munkat\u00e1rsai cs\u00fct\u00f6rt\u00f6kig v\u00e1rj\u00e1k a t\u00e1j\u00e9koztat\u00e1st ig\u00e9nyl\u0151 v\u00e1s\u00e1rl\u00f3kat, \u00e1rusokat az Aba-Nov\u00e1k Kultur\u00e1lis K\u00f6zpontban.<br \/>\n<br \/>Megindult az utols\u00f3 roham a kar\u00e1csonyi aj\u00e1nd\u00e9kok\u00e9rt. A siets\u00e9gben pedig k\u00f6nny\u0171 belefutni hib\u00e1s \u00e1ruba. Probl\u00e9ma viszont ekkor sincs. A hat\u00f3s\u00e1g ugyanis minden probl\u00e9m\u00e1s esetben t\u00e1j\u00e9koztat\u00e1st ny\u00fajt a v\u00e1s\u00e1rl\u00f3nak. Legyen sz\u00f3 \u00e1rfelt\u00fcntet\u00e9ssel, szavatoss\u00e1ggal, j\u00f3t\u00e1ll\u00e1ssal, megt\u00e9veszt\u0151, f\u00e9lre\u00e9rthet\u0151 hirdet\u00e9sekkel \u00e9s aktu\u00e1lis kar\u00e1csonyi akci\u00f3kr\u00f3l. A t\u00e1j\u00e9koztat\u00e1sra remek helysz\u00edn a kar\u00e1csonyi v\u00e1s\u00e1r miatt igen forgalmas Aba-Nov\u00e1k Kultur\u00e1lis K\u00f6zpont aul\u00e1ja. A v\u00e1s\u00e1rl\u00f3knak sok mindenre oda kell figyelni\u00fck, de az \u00e1rusoknak is. B\u00e1r \u00e1ll\u00edt\u00e1suk szerint \u0151k tiszt\u00e1ban vannak a jogszab\u00e1lyokkal.A fogyaszt\u00f3v\u00e9delmi hat\u00f3s\u00e1g munkat\u00e1rsai cs\u00fct\u00f6rt\u00f6kig v\u00e1rj\u00e1k az \u00e9rdekl\u0151d\u0151ket.<br \/>\n<div style=\"width: 640px;\" class=\"wp-video\"><!--[if lt IE 9]><script>document.createElement('video');<\/script><![endif]-->\n<video class=\"wp-video-shortcode\" id=\"video-27026-1\" width=\"640\" height=\"360\" preload=\"metadata\" controls=\"controls\"><source type=\"video\/mp4\" src=\"\/spots\/hir\/hir_101221_02.mp4?_=1\" \/><a href=\"\/spots\/hir\/hir_101221_02.mp4\">\/spots\/hir\/hir_101221_02.mp4<\/a><\/video><\/div><\/p>\n","protected":false},"excerpt":{"rendered":"<p>Seg\u00edts\u00e9get ny\u00fajtanak. A Nemzeti Fogyaszt\u00f3v\u00e9delmi Hat\u00f3s\u00e1g \u00c9szak-alf\u00f6ldi kirendelts\u00e9g\u00e9nek munkat\u00e1rsai cs\u00fct\u00f6rt\u00f6kig v\u00e1rj\u00e1k a t\u00e1j\u00e9koztat\u00e1st ig\u00e9nyl\u0151 v\u00e1s\u00e1rl\u00f3kat, \u00e1rusokat az Aba-Nov\u00e1k Kultur\u00e1lis K\u00f6zpontban. Megindult az utols\u00f3 roham a kar\u00e1csonyi aj\u00e1nd\u00e9kok\u00e9rt. A siets\u00e9gben pedig k\u00f6nny\u0171 belefutni hib\u00e1s \u00e1ruba. Probl\u00e9ma viszont ekkor sincs. A hat\u00f3s\u00e1g ugyanis minden probl\u00e9m\u00e1s esetben t\u00e1j\u00e9koztat\u00e1st ny\u00fajt a v\u00e1s\u00e1rl\u00f3nak. Legyen sz\u00f3 \u00e1rfelt\u00fcntet\u00e9ssel, szavatoss\u00e1ggal, j\u00f3t\u00e1ll\u00e1ssal, megt\u00e9veszt\u0151, f\u00e9lre\u00e9rthet\u0151 [&hellip;]<\/p>\n","protected":false},"author":2,"featured_media":0,"comment_status":"closed","ping_status":"closed","sticky":false,"template":"","format":"standard","meta":[],"categories":[15],"tags":[],"_links":{"self":[{"href":"http:\/\/archiv.szolnoktv.hu\/index.php?rest_route=\/wp\/v2\/posts\/27026"}],"collection":[{"href":"http:\/\/archiv.szolnoktv.hu\/index.php?rest_route=\/wp\/v2\/posts"}],"about":[{"href":"http:\/\/archiv.szolnoktv.hu\/index.php?rest_route=\/wp\/v2\/types\/post"}],"author":[{"embeddable":true,"href":"http:\/\/archiv.szolnoktv.hu\/index.php?rest_route=\/wp\/v2\/users\/2"}],"replies":[{"embeddable":true,"href":"http:\/\/archiv.szolnoktv.hu\/index.php?rest_route=%2Fwp%2Fv2%2Fcomments&post=27026"}],"version-history":[{"count":1,"href":"http:\/\/archiv.szolnoktv.hu\/index.php?rest_route=\/wp\/v2\/posts\/27026\/revisions"}],"predecessor-version":[{"id":27075,"href":"http:\/\/archiv.szolnoktv.hu\/index.php?rest_route=\/wp\/v2\/posts\/27026\/revisions\/27075"}],"wp:attachment":[{"href":"http:\/\/archiv.szolnoktv.hu\/index.php?rest_route=%2Fwp%2Fv2%2Fmedia&parent=27026"}],"wp:term":[{"taxonomy":"category","embeddable":true,"href":"http:\/\/archiv.szolnoktv.hu\/index.php?rest_route=%2Fwp%2Fv2%2Fcategories&post=27026"},{"taxonomy":"post_tag","embeddable":true,"href":"http:\/\/archiv.szolnoktv.hu\/index.php?rest_route=%2Fwp%2Fv2%2Ftags&post=27026"}],"curies":[{"name":"wp","href":"https:\/\/api.w.org\/{rel}","templated":true}]}}