{"id":26253,"date":"2011-09-04T16:28:09","date_gmt":"2011-09-04T16:28:09","guid":{"rendered":"http:\/\/archiv.szolnoktv.hu\/?p=26253"},"modified":"2021-10-28T18:34:25","modified_gmt":"2021-10-28T18:34:25","slug":"civil-kavalkad","status":"publish","type":"post","link":"http:\/\/archiv.szolnoktv.hu\/?p=26253","title":{"rendered":"Civil Kavalk\u00e1d"},"content":{"rendered":"<div class='booster-block booster-read-block'><\/div><p>Kavalk\u00e1d rendezett sorokban. A Szap\u00e1ry \u00faton szombaton eg\u00e9sz nap t\u00fczet oltottak, vonatoztak, fociztak \u00e9s a v\u00e1ros civil egyes\u00fcleteivel tal\u00e1lkozhattak azok, akik kil\u00e1togattak a 9-ik Civil Kavalk\u00e1dra. A sz\u00ednes programok most is ezreket vonzottak a belv\u00e1rosba.<br \/>\n<br \/>L\u00e1tnival\u00f3k felsorolhatatlan mennyis\u00e9gben. A IX. civil kavalk\u00e1d \u00e9s a hozz\u00e1 kapcsol\u00f3d\u00f3 Szap\u00e1ry utcai rendezv\u00e9nyek tartalmas kikapcsol\u00f3d\u00e1st biztos\u00edtottak minden koroszt\u00e1lynak. A v\u00e1ros t\u00f6bb, mint 500 civil szervezet\u00e9b\u0151l most t\u00f6bb, mint f\u00e9lsz\u00e1z mutatkozott be. \u00d5ket dr. K\u00e1llai M\u00e1ria k\u00f6sz\u00f6nt\u00f6tte. Mint mondta: egy v\u00e1ros helyi t\u00e1rsadalm\u00e1nak erej\u00e9t \u00e9s min\u0151s\u00e9g\u00e9t mutatja az, hogy milyen a civil szervezetek aktivit\u00e1sa. V\u00e9lem\u00e9nye szerint Szolnokon ezzel el\u00e9gedett lehet mindenki. Sz\u00fcks\u00e9g van a civil szervezetekre -folytatta Poll\u00e1kn\u00e9 Cser Edit, a Contact ment\u00e1lhigi\u00e9n\u00e9s Konzult\u00e1ci\u00f3s Szolg\u00e1lat eln\u00f6ke-  hiszen tagjai azok, akik a legt\u00f6bbsz\u00f6r \u00f6nk\u00e9ntes munk\u00e1val seg\u00edtik \u00e9s sz\u00ednes\u00edtik a v\u00e1ros \u00e9let\u00e9t. A civilek bemutatkoz\u00e1sa mellett sz\u00ednes programok cs\u00e1b\u00edtott\u00e1k a szolnokiakat a Szap\u00e1ry \u00fatra. F\u00fcstb\u0151l ment\u00e9s, rep\u00fcl\u0151 ki\u00e1ll\u00edt\u00e1s, mini g\u0151z\u0151s, kirakod\u00f3 v\u00e1s\u00e1r, l\u00e1btenisz \u00e9s zen\u00e9s programok csak n\u00e9h\u00e1ny azok k\u00f6z\u00fcl, melyek k\u00e9s\u0151 estig ny\u00fajtottak sz\u00f3rakoz\u00e1si lehet\u0151s\u00e9get.<br \/>\n<div style=\"width: 640px;\" class=\"wp-video\"><!--[if lt IE 9]><script>document.createElement('video');<\/script><![endif]-->\n<video class=\"wp-video-shortcode\" id=\"video-26253-1\" width=\"640\" height=\"360\" preload=\"metadata\" controls=\"controls\"><source type=\"video\/mp4\" src=\"\/spots\/hir\/hir_110904_04.mp4?_=1\" \/><a href=\"\/spots\/hir\/hir_110904_04.mp4\">\/spots\/hir\/hir_110904_04.mp4<\/a><\/video><\/div><\/p>\n","protected":false},"excerpt":{"rendered":"<p>Kavalk\u00e1d rendezett sorokban. A Szap\u00e1ry \u00faton szombaton eg\u00e9sz nap t\u00fczet oltottak, vonatoztak, fociztak \u00e9s a v\u00e1ros civil egyes\u00fcleteivel tal\u00e1lkozhattak azok, akik kil\u00e1togattak a 9-ik Civil Kavalk\u00e1dra. A sz\u00ednes programok most is ezreket vonzottak a belv\u00e1rosba. L\u00e1tnival\u00f3k felsorolhatatlan mennyis\u00e9gben. A IX. civil kavalk\u00e1d \u00e9s a hozz\u00e1 kapcsol\u00f3d\u00f3 Szap\u00e1ry utcai rendezv\u00e9nyek tartalmas kikapcsol\u00f3d\u00e1st biztos\u00edtottak minden koroszt\u00e1lynak. A [&hellip;]<\/p>\n","protected":false},"author":2,"featured_media":0,"comment_status":"open","ping_status":"open","sticky":false,"template":"","format":"standard","meta":[],"categories":[21],"tags":[],"_links":{"self":[{"href":"http:\/\/archiv.szolnoktv.hu\/index.php?rest_route=\/wp\/v2\/posts\/26253"}],"collection":[{"href":"http:\/\/archiv.szolnoktv.hu\/index.php?rest_route=\/wp\/v2\/posts"}],"about":[{"href":"http:\/\/archiv.szolnoktv.hu\/index.php?rest_route=\/wp\/v2\/types\/post"}],"author":[{"embeddable":true,"href":"http:\/\/archiv.szolnoktv.hu\/index.php?rest_route=\/wp\/v2\/users\/2"}],"replies":[{"embeddable":true,"href":"http:\/\/archiv.szolnoktv.hu\/index.php?rest_route=%2Fwp%2Fv2%2Fcomments&post=26253"}],"version-history":[{"count":1,"href":"http:\/\/archiv.szolnoktv.hu\/index.php?rest_route=\/wp\/v2\/posts\/26253\/revisions"}],"predecessor-version":[{"id":26836,"href":"http:\/\/archiv.szolnoktv.hu\/index.php?rest_route=\/wp\/v2\/posts\/26253\/revisions\/26836"}],"wp:attachment":[{"href":"http:\/\/archiv.szolnoktv.hu\/index.php?rest_route=%2Fwp%2Fv2%2Fmedia&parent=26253"}],"wp:term":[{"taxonomy":"category","embeddable":true,"href":"http:\/\/archiv.szolnoktv.hu\/index.php?rest_route=%2Fwp%2Fv2%2Fcategories&post=26253"},{"taxonomy":"post_tag","embeddable":true,"href":"http:\/\/archiv.szolnoktv.hu\/index.php?rest_route=%2Fwp%2Fv2%2Ftags&post=26253"}],"curies":[{"name":"wp","href":"https:\/\/api.w.org\/{rel}","templated":true}]}}