{"id":25912,"date":"2011-08-30T16:24:33","date_gmt":"2011-08-30T16:24:33","guid":{"rendered":"http:\/\/archiv.szolnoktv.hu\/?p=25912"},"modified":"2021-10-28T17:31:32","modified_gmt":"2021-10-28T17:31:32","slug":"madar-csonttoro-es-bogesz-latogatta-meg-a-szolnoki-bunyospalantakat","status":"publish","type":"post","link":"http:\/\/archiv.szolnoktv.hu\/?p=25912","title":{"rendered":"Mad\u00e1r, Csontt\u00f6r\u0151 \u00e9s Bogesz l\u00e1togatta meg a szolnoki buny\u00f3spal\u00e1nt\u00e1kat"},"content":{"rendered":"<div class='booster-block booster-read-block'><\/div><p>Vil\u00e1gbajnoki l\u00e1togat\u00e1s. H\u00e1rom klasszis \u00f6k\u00f6lv\u00edv\u00f3 &#8211; Erdei Zsolt, Nagy J\u00e1nos \u00e9s Bogn\u00e1r L\u00e1szl\u00f3 &#8211; l\u00e1togatott ma el a 2009-ben alap\u00edtott Damjanich J\u00e1nos Sportegyes\u00fclet ifj\u00fa bokszol\u00f3ihoz. A buny\u00f3sok dedik\u00e1ltak, fot\u00f3zkodtak \u00e9s tan\u00e1csokkal is ell\u00e1tt\u00e1k a fiatalokat.<br \/>\n<br \/>\u201eSzevasztok!\u201e \u00cdgy k\u00f6sz\u00f6nt\u00f6tte st\u00e1bunkat Erdei Zsolt, majd a h\u00e1rom vil\u00e1gbajnok bes\u00e9t\u00e1lt a Th\u00f6k\u00f6ly \u00fati edz\u0151teremben. Itt m\u00e1r t\u00f6bb ifj\u00fa \u00f6k\u00f6lv\u00edv\u00f3 valamint rajong\u00f3k hada v\u00e1rta \u0151ket. Legt\u00f6bben a f\u00e9lneh\u00e9z- \u00e9s cirk\u00e1l\u00f3s\u00faly\u00fa vil\u00e1gbajnokot Erdei Zsoltot faggatt\u00e1k &#8211; legink\u00e1bb a t\u00e9lre tervezett c\u00edmmeccs\u00e9r\u0151l. P\u00e1r perccel k\u00e9s\u0151bb m\u00e1r tollat ragadtak, sz\u00e1molatlanul osztott\u00e1k &#8211; nem, most nem a jobbegyenest vagy a balhorgot, hanem az al\u00e1\u00edr\u00e1sokat valamint p\u00f3zoltak a f\u00e9nyk\u00e9pez\u0151g\u00e9pek el\u0151tt. A k\u00e9t klasszis buny\u00f3s Bogn\u00e1r L\u00e1szl\u00f3 h\u00edv\u00f3 szav\u00e1ra \u00e9rkezett Szolnokra. Nagy \u201eCsontt\u00f6r\u0151\u201e J\u00e1nost kellemes eml\u00e9kek f\u0171zik a megyesz\u00e9khelyhez, itt gy\u0151zte le a Kok\u00f3t ki\u00fct\u0151 Julio Pablo Chac\u00f3n-t. Most \u0151 is edz\u0151 \u00e9s j\u00f3l tudja, hogy a fiataloknak mennyit jelent egy-egy szem\u00e9lyes tal\u00e1lkoz\u00e1s a p\u00e9ldak\u00e9pekkel. A legnagyobb rajong\u00e1s term\u00e9szetesen Erdei Zsoltot vette k\u00f6r\u00fcl. Mad\u00e1r csak\u00fagy, mint a pofonokat a szor\u00edt\u00f3ban, a k\u00e9r\u00e9seket is rend\u00fcletlen\u00fcl \u00e1llta &#8211; dedik\u00e1lt, fot\u00f3zkodott. \u201e\u00daton-\u00fatf\u00e9len tapasztalom, ak\u00e1r hov\u00e1 megh\u00edvnak, hogy sok ember szeme csillog \u00e9s nagyon \u00f6r\u00fclnek, hogy ott vagyok. \u00c9s, amikor egy, k\u00e9t sr\u00e1c is, hogyha csak egy balegyenest vagy egy jobbhorgot \u00fct a mancsomba vagy iskol\u00e1zunk m\u00e1r akkor is egy meg\u00fajult er\u0151vel kezd bele az edz\u00e9sbe.\u201e &#8211; mondta Mad\u00e1r. A \u00f6k\u00f6lv\u00edv\u00f3k l\u00e1togat\u00e1s\u00e1r\u00f3l b\u0151vebb \u00f6sszefoglal\u00f3t l\u00e1thatnak, ha h\u00e9tf\u0151n este megn\u00e9zik a m\u00e1r friss h\u00edrekkel jelentkez\u0151 SzolnokSportot.<br \/>\n<div style=\"width: 640px;\" class=\"wp-video\"><!--[if lt IE 9]><script>document.createElement('video');<\/script><![endif]-->\n<video class=\"wp-video-shortcode\" id=\"video-25912-1\" width=\"640\" height=\"360\" preload=\"metadata\" controls=\"controls\"><source type=\"video\/mp4\" src=\"\/spots\/hir\/hir_110830_02.mp4?_=1\" \/><a href=\"\/spots\/hir\/hir_110830_02.mp4\">\/spots\/hir\/hir_110830_02.mp4<\/a><\/video><\/div><\/p>\n","protected":false},"excerpt":{"rendered":"<p>Vil\u00e1gbajnoki l\u00e1togat\u00e1s. H\u00e1rom klasszis \u00f6k\u00f6lv\u00edv\u00f3 &#8211; Erdei Zsolt, Nagy J\u00e1nos \u00e9s Bogn\u00e1r L\u00e1szl\u00f3 &#8211; l\u00e1togatott ma el a 2009-ben alap\u00edtott Damjanich J\u00e1nos Sportegyes\u00fclet ifj\u00fa bokszol\u00f3ihoz. A buny\u00f3sok dedik\u00e1ltak, fot\u00f3zkodtak \u00e9s tan\u00e1csokkal is ell\u00e1tt\u00e1k a fiatalokat. \u201eSzevasztok!\u201e \u00cdgy k\u00f6sz\u00f6nt\u00f6tte st\u00e1bunkat Erdei Zsolt, majd a h\u00e1rom vil\u00e1gbajnok bes\u00e9t\u00e1lt a Th\u00f6k\u00f6ly \u00fati edz\u0151teremben. Itt m\u00e1r t\u00f6bb ifj\u00fa \u00f6k\u00f6lv\u00edv\u00f3 [&hellip;]<\/p>\n","protected":false},"author":2,"featured_media":0,"comment_status":"open","ping_status":"open","sticky":false,"template":"","format":"standard","meta":[],"categories":[21],"tags":[],"_links":{"self":[{"href":"http:\/\/archiv.szolnoktv.hu\/index.php?rest_route=\/wp\/v2\/posts\/25912"}],"collection":[{"href":"http:\/\/archiv.szolnoktv.hu\/index.php?rest_route=\/wp\/v2\/posts"}],"about":[{"href":"http:\/\/archiv.szolnoktv.hu\/index.php?rest_route=\/wp\/v2\/types\/post"}],"author":[{"embeddable":true,"href":"http:\/\/archiv.szolnoktv.hu\/index.php?rest_route=\/wp\/v2\/users\/2"}],"replies":[{"embeddable":true,"href":"http:\/\/archiv.szolnoktv.hu\/index.php?rest_route=%2Fwp%2Fv2%2Fcomments&post=25912"}],"version-history":[{"count":1,"href":"http:\/\/archiv.szolnoktv.hu\/index.php?rest_route=\/wp\/v2\/posts\/25912\/revisions"}],"predecessor-version":[{"id":25937,"href":"http:\/\/archiv.szolnoktv.hu\/index.php?rest_route=\/wp\/v2\/posts\/25912\/revisions\/25937"}],"wp:attachment":[{"href":"http:\/\/archiv.szolnoktv.hu\/index.php?rest_route=%2Fwp%2Fv2%2Fmedia&parent=25912"}],"wp:term":[{"taxonomy":"category","embeddable":true,"href":"http:\/\/archiv.szolnoktv.hu\/index.php?rest_route=%2Fwp%2Fv2%2Fcategories&post=25912"},{"taxonomy":"post_tag","embeddable":true,"href":"http:\/\/archiv.szolnoktv.hu\/index.php?rest_route=%2Fwp%2Fv2%2Ftags&post=25912"}],"curies":[{"name":"wp","href":"https:\/\/api.w.org\/{rel}","templated":true}]}}