{"id":25911,"date":"2011-08-30T14:19:38","date_gmt":"2011-08-30T14:19:38","guid":{"rendered":"http:\/\/archiv.szolnoktv.hu\/?p=25911"},"modified":"2021-10-28T17:31:32","modified_gmt":"2021-10-28T17:31:32","slug":"evadnyito-tarsulati-ules","status":"publish","type":"post","link":"http:\/\/archiv.szolnoktv.hu\/?p=25911","title":{"rendered":"\u00c9vadnyit\u00f3 t\u00e1rsulati \u00fcl\u00e9s"},"content":{"rendered":"<div class='booster-block booster-read-block'><\/div><p>Hivatalosan is megkezd\u0151d\u00f6tt a szezon a Szigligeti Sz\u00ednh\u00e1zban. Az \u00e9vadnyit\u00f3 t\u00e1rsulati \u00fcl\u00e9st d\u00e9lel\u0151tt tartott\u00e1k, melyen Bal\u00e1zs P\u00e9ter igazgat\u00f3 elmondta: a k\u00f6vetkez\u0151 n\u00e9gy \u00e9vben is arra t\u00f6rekednek, hogy olyan sz\u00ednh\u00e1za legyen Szolnoknak, ahov\u00e1 szerte az orsz\u00e1gb\u00f3l sz\u00edvesen j\u00e1rnak.<br \/>\n<br \/> Nagy volt a viszontl\u00e1t\u00e1s \u00f6r\u00f6me a Szigligeti Sz\u00ednh\u00e1z n\u00e9z\u0151ter\u00e9n. Az \u00e9vadnyit\u00f3 \u00fcl\u00e9sen els\u0151k\u00e9nt K\u00e1llai M\u00e1ria alpolg\u00e1rmester k\u00f6sz\u00f6nt\u00f6tte a t\u00e1rsulat tagjait, dolgoz\u00f3it, majd Bor Zolt\u00e1n produkci\u00f3s igazgat\u00f3 k\u00edv\u00e1nt eredm\u00e9nyes munk\u00e1t. A k\u00f6vetkez\u0151 \u00e9vadban h\u00e9t nagysz\u00ednpadi bemutat\u00f3t l\u00e1that a k\u00f6z\u00f6ns\u00e9g, ebb\u0151l egyet, \u00fajdons\u00e1gk\u00e9nt, b\u00e9rleten k\u00edv\u00fcli el\u0151ad\u00e1sk\u00e9nt hirdetett meg a sz\u00ednh\u00e1z. A repertor\u00e1on szerepel dr\u00e1ma, v\u00edgj\u00e1t\u00e9k, operett \u00e9s musical egyar\u00e1nt. Bal\u00e1zs P\u00e9ter igazgat\u00f3 a megkezdett munka folytat\u00e1s\u00e1ra tett \u00edg\u00e9retet, mint fogalmazott: \u201ea lehet\u0151s\u00e9g adott, k\u00e9z a k\u00e9zben, szemt\u0151l szembe a k\u00f6z\u00f6ns\u00e9g\u00fcnk\u00e9rt, egy\u00e9ni karrier\u00fcnk\u00e9rt, az orsz\u00e1g\u00e9rt.\u201e Az els\u0151 premier szeptember 23-\u00e1n lesz, Moln\u00e1r Ferenc: Liliom c\u00edm\u0171 darabj\u00e1t l\u00e1thatja a k\u00f6z\u00f6ns\u00e9g. Sz\u00e1mos nagy siker\u0171 kezdem\u00e9nyez\u00e9s is folytat\u00f3dik, el\u00e9g ha csak a szilveszteri g\u00e1l\u00e1ra, vagy az \u00c1d\u00e1mok \u00e9s \u00c9v\u00e1k \u00dcnnep\u00e9re gondolunk.<br \/>\n<div style=\"width: 640px;\" class=\"wp-video\"><!--[if lt IE 9]><script>document.createElement('video');<\/script><![endif]-->\n<video class=\"wp-video-shortcode\" id=\"video-25911-1\" width=\"640\" height=\"360\" preload=\"metadata\" controls=\"controls\"><source type=\"video\/mp4\" src=\"\/spots\/hir\/hir_110830_01.mp4?_=1\" \/><a href=\"\/spots\/hir\/hir_110830_01.mp4\">\/spots\/hir\/hir_110830_01.mp4<\/a><\/video><\/div><\/p>\n","protected":false},"excerpt":{"rendered":"<p>Hivatalosan is megkezd\u0151d\u00f6tt a szezon a Szigligeti Sz\u00ednh\u00e1zban. Az \u00e9vadnyit\u00f3 t\u00e1rsulati \u00fcl\u00e9st d\u00e9lel\u0151tt tartott\u00e1k, melyen Bal\u00e1zs P\u00e9ter igazgat\u00f3 elmondta: a k\u00f6vetkez\u0151 n\u00e9gy \u00e9vben is arra t\u00f6rekednek, hogy olyan sz\u00ednh\u00e1za legyen Szolnoknak, ahov\u00e1 szerte az orsz\u00e1gb\u00f3l sz\u00edvesen j\u00e1rnak. Nagy volt a viszontl\u00e1t\u00e1s \u00f6r\u00f6me a Szigligeti Sz\u00ednh\u00e1z n\u00e9z\u0151ter\u00e9n. Az \u00e9vadnyit\u00f3 \u00fcl\u00e9sen els\u0151k\u00e9nt K\u00e1llai M\u00e1ria alpolg\u00e1rmester k\u00f6sz\u00f6nt\u00f6tte a [&hellip;]<\/p>\n","protected":false},"author":2,"featured_media":0,"comment_status":"open","ping_status":"open","sticky":false,"template":"","format":"standard","meta":[],"categories":[21],"tags":[],"_links":{"self":[{"href":"http:\/\/archiv.szolnoktv.hu\/index.php?rest_route=\/wp\/v2\/posts\/25911"}],"collection":[{"href":"http:\/\/archiv.szolnoktv.hu\/index.php?rest_route=\/wp\/v2\/posts"}],"about":[{"href":"http:\/\/archiv.szolnoktv.hu\/index.php?rest_route=\/wp\/v2\/types\/post"}],"author":[{"embeddable":true,"href":"http:\/\/archiv.szolnoktv.hu\/index.php?rest_route=\/wp\/v2\/users\/2"}],"replies":[{"embeddable":true,"href":"http:\/\/archiv.szolnoktv.hu\/index.php?rest_route=%2Fwp%2Fv2%2Fcomments&post=25911"}],"version-history":[{"count":1,"href":"http:\/\/archiv.szolnoktv.hu\/index.php?rest_route=\/wp\/v2\/posts\/25911\/revisions"}],"predecessor-version":[{"id":25938,"href":"http:\/\/archiv.szolnoktv.hu\/index.php?rest_route=\/wp\/v2\/posts\/25911\/revisions\/25938"}],"wp:attachment":[{"href":"http:\/\/archiv.szolnoktv.hu\/index.php?rest_route=%2Fwp%2Fv2%2Fmedia&parent=25911"}],"wp:term":[{"taxonomy":"category","embeddable":true,"href":"http:\/\/archiv.szolnoktv.hu\/index.php?rest_route=%2Fwp%2Fv2%2Fcategories&post=25911"},{"taxonomy":"post_tag","embeddable":true,"href":"http:\/\/archiv.szolnoktv.hu\/index.php?rest_route=%2Fwp%2Fv2%2Ftags&post=25911"}],"curies":[{"name":"wp","href":"https:\/\/api.w.org\/{rel}","templated":true}]}}