{"id":25910,"date":"2011-08-29T16:35:43","date_gmt":"2011-08-29T16:35:43","guid":{"rendered":"http:\/\/archiv.szolnoktv.hu\/?p=25910"},"modified":"2021-10-28T17:31:32","modified_gmt":"2021-10-28T17:31:32","slug":"ejtoernyos-tragedia","status":"publish","type":"post","link":"http:\/\/archiv.szolnoktv.hu\/?p=25910","title":{"rendered":"Ejt\u0151erny\u0151s trag\u00e9dia"},"content":{"rendered":"<div class='booster-block booster-read-block'><\/div><p>Meghalt egy katonai ejt\u0151erny\u0151s d\u00e9lut\u00e1n Szolnokon, a szandai sportrept\u00e9r k\u00f6zel\u00e9ben. A Magyar Honv\u00e9ds\u00e9g 25\/88-as K\u00f6nny\u0171 Vegyes Z\u00e1szl\u00f3alj katon\u00e1ja ugr\u00e1s sor\u00e1n vesz\u00edtette \u00e9let\u00e9t.<br \/>\n<br \/> Belehalt a s\u00e9r\u00fcl\u00e9seibe az a katonai ejt\u0151erny\u0151s, aki ma d\u00e9lut\u00e1n nem sokkal k\u00e9t \u00f3ra el\u0151tt, a HM Sajt\u00f3irod\u00e1j\u00e1nak hivatalos k\u00f6zlem\u00e9nye szerint eddig tiszt\u00e1zatlan okb\u00f3l el\u0151bb egy teherg\u00e9pkocsinak\/kamionnak csap\u00f3dott, majd onnan a 4-es f\u0151\u00fat mellett h\u00faz\u00f3d\u00f3 ker\u00e9kp\u00e1r\u00fatra zuhant. \u00dagy tudjuk, a katon\u00e1k szok\u00e1sos ejt\u0151erny\u0151s gyakorl\u00f3 ugr\u00e1saikat v\u00e9gezt\u00e9k, amikor a tragikus eset t\u00f6rt\u00e9nt. Helysz\u00edni inform\u00e1ci\u00f3ink szerint, egy termik, azaz egy felfel\u00e9 sz\u00e1ll\u00f3 meleg l\u00e9gt\u00f6meg, esetleg egy sz\u00e9ll\u00f6k\u00e9s miatt nem tudott a r\u00e9ten landolni \u00e9s \u00edgy ker\u00fclt a rendk\u00edv\u00fcl forgalmas f\u0151\u00fat fel\u00e9. A helysz\u00ednre ment\u0151helikopter is \u00e9rkezett, a ment\u0151s\u00f6k egy \u00f3r\u00e1n \u00e1t k\u00fczd\u00f6ttek a katonai ejt\u0151erny\u0151s \u00e9let\u00e9\u00e9rt, \u00e1m az er\u0151fesz\u00edt\u00e9sek ellen\u00e9re sem tudt\u00e1k az \u00e9let\u00e9t megmenteni. A baleset \u00fcgy\u00e9ben f\u00fcggetlen szakmai vizsg\u00e1latot v\u00e9gez a K\u00f6zleked\u00e9sbiztons\u00e1gi Szervezet. Ugyanakkor a rend\u0151rs\u00e9g k\u00e9ri annak, vagy azoknak a k\u00e9k sz\u00edn\u0171 MAN t\u00edpus\u00fa g\u00e9pkocsivezet\u0151knek a jelentkez\u00e9s\u00e9t, akik d\u00e9lut\u00e1n f\u00e9l 2 \u00e9s 2 \u00f3ra k\u00f6z\u00f6tt Szolnok k\u00fclter\u00fclet\u00e9n a 4-es sz\u00e1m\u00fa f\u0151\u00faton Budapest ir\u00e1ny\u00e1ba haladtak. A ment\u00e9s \u00e9s a helysz\u00ednel\u00e9s idej\u00e9re az utat k\u00e9t \u00e9s f\u00e9l \u00f3r\u00e1ra lez\u00e1rt\u00e1k, a forgalmat a megyesz\u00e9khely belv\u00e1ros\u00e1va terelt\u00e9k, emiatt \u00f3ri\u00e1si dug\u00f3k alakultak ki.<br \/>\n<div style=\"width: 640px;\" class=\"wp-video\"><!--[if lt IE 9]><script>document.createElement('video');<\/script><![endif]-->\n<video class=\"wp-video-shortcode\" id=\"video-25910-1\" width=\"640\" height=\"360\" preload=\"metadata\" controls=\"controls\"><source type=\"video\/mp4\" src=\"\/spots\/hir\/hir_110829_04.mp4?_=1\" \/><a href=\"\/spots\/hir\/hir_110829_04.mp4\">\/spots\/hir\/hir_110829_04.mp4<\/a><\/video><\/div><\/p>\n","protected":false},"excerpt":{"rendered":"<p>Meghalt egy katonai ejt\u0151erny\u0151s d\u00e9lut\u00e1n Szolnokon, a szandai sportrept\u00e9r k\u00f6zel\u00e9ben. A Magyar Honv\u00e9ds\u00e9g 25\/88-as K\u00f6nny\u0171 Vegyes Z\u00e1szl\u00f3alj katon\u00e1ja ugr\u00e1s sor\u00e1n vesz\u00edtette \u00e9let\u00e9t. Belehalt a s\u00e9r\u00fcl\u00e9seibe az a katonai ejt\u0151erny\u0151s, aki ma d\u00e9lut\u00e1n nem sokkal k\u00e9t \u00f3ra el\u0151tt, a HM Sajt\u00f3irod\u00e1j\u00e1nak hivatalos k\u00f6zlem\u00e9nye szerint eddig tiszt\u00e1zatlan okb\u00f3l el\u0151bb egy teherg\u00e9pkocsinak\/kamionnak csap\u00f3dott, majd onnan a 4-es f\u0151\u00fat [&hellip;]<\/p>\n","protected":false},"author":2,"featured_media":0,"comment_status":"open","ping_status":"open","sticky":false,"template":"","format":"standard","meta":[],"categories":[21],"tags":[],"_links":{"self":[{"href":"http:\/\/archiv.szolnoktv.hu\/index.php?rest_route=\/wp\/v2\/posts\/25910"}],"collection":[{"href":"http:\/\/archiv.szolnoktv.hu\/index.php?rest_route=\/wp\/v2\/posts"}],"about":[{"href":"http:\/\/archiv.szolnoktv.hu\/index.php?rest_route=\/wp\/v2\/types\/post"}],"author":[{"embeddable":true,"href":"http:\/\/archiv.szolnoktv.hu\/index.php?rest_route=\/wp\/v2\/users\/2"}],"replies":[{"embeddable":true,"href":"http:\/\/archiv.szolnoktv.hu\/index.php?rest_route=%2Fwp%2Fv2%2Fcomments&post=25910"}],"version-history":[{"count":1,"href":"http:\/\/archiv.szolnoktv.hu\/index.php?rest_route=\/wp\/v2\/posts\/25910\/revisions"}],"predecessor-version":[{"id":25939,"href":"http:\/\/archiv.szolnoktv.hu\/index.php?rest_route=\/wp\/v2\/posts\/25910\/revisions\/25939"}],"wp:attachment":[{"href":"http:\/\/archiv.szolnoktv.hu\/index.php?rest_route=%2Fwp%2Fv2%2Fmedia&parent=25910"}],"wp:term":[{"taxonomy":"category","embeddable":true,"href":"http:\/\/archiv.szolnoktv.hu\/index.php?rest_route=%2Fwp%2Fv2%2Fcategories&post=25910"},{"taxonomy":"post_tag","embeddable":true,"href":"http:\/\/archiv.szolnoktv.hu\/index.php?rest_route=%2Fwp%2Fv2%2Ftags&post=25910"}],"curies":[{"name":"wp","href":"https:\/\/api.w.org\/{rel}","templated":true}]}}