{"id":25909,"date":"2011-08-29T16:34:35","date_gmt":"2011-08-29T16:34:35","guid":{"rendered":"http:\/\/archiv.szolnoktv.hu\/?p=25909"},"modified":"2021-10-28T17:31:32","modified_gmt":"2021-10-28T17:31:32","slug":"menetrendi-eszrevetelek","status":"publish","type":"post","link":"http:\/\/archiv.szolnoktv.hu\/?p=25909","title":{"rendered":"Menetrendi \u00e9szrev\u00e9telek"},"content":{"rendered":"<div class='booster-block booster-read-block'><\/div><p>Sz\u00e1zn\u00e1l is t\u00f6bb \u00e9szrev\u00e9tel \u00e9rkezett a helyi aut\u00f3busz menetrend j\u00falius 16-ai m\u00f3dos\u00edt\u00e1s\u00e1t k\u00f6vet\u0151en. Mint arr\u00f3l kor\u00e1bban besz\u00e1moltunk, a v\u00e1ltoztat\u00e1sokra k\u00f6lts\u00e9gtakar\u00e9koss\u00e1gi okok miatt volt sz\u00fcks\u00e9g.<br \/>\n<br \/> \u00d6sszesen 21 vonalat \u00e9rintett a ny\u00e1ri menetrend v\u00e1ltoztat\u00e1s, ebb\u0151l 8 eset\u00e9ben a j\u00e1ratok sz\u00e1ma is cs\u00f6kkent. A m\u00f3dos\u00edt\u00e1sokat m\u00e9g j\u00faniusi \u00fcl\u00e9s\u00e9n hagyta j\u00f3v\u00e1 a szolnoki k\u00f6zgy\u0171l\u00e9s, a szolg\u00e1ltat\u00f3 k\u00f6lts\u00e9geinek, illetve vesztes\u00e9geinek m\u00e9rs\u00e9kl\u00e9se \u00e9rdek\u00e9ben. A sz\u00e1zn\u00e1l is t\u00f6bb \u00e9szrev\u00e9tel els\u0151sorban a j\u00e1rat\u00f6sszevon\u00e1sokkal kapcsolatban \u00e9rkezett &#8211; mondta G\u00e1gyor Imre, a J\u00e1szkun Vol\u00e1n \u00fczlet\u00e1g-igazgat\u00f3ja hozz\u00e1t\u00e9ve, hogy \u201eezeket \u00f6sszegezz\u00fck most \u00e9s szeptember k\u00f6zep\u00e9ig el\u0151\u00e1llunk azzal, hogy l\u00e1tunk-e \u00e9rtelm\u00e9t, vagy sz\u00fcks\u00e9gesnek l\u00e1tjuk-e valahol v\u00e1ltoztatni.\u201e A sz\u0171k\u00edt\u00e9sek nyom\u00e1n m\u00e1r az els\u0151 h\u00f3nap ut\u00e1n \u00e9rezhet\u0151en cs\u00f6kkent a szolg\u00e1ltat\u00e1s k\u00f6zvetlen k\u00f6lts\u00e9ge. N\u00e9mi gy\u00f3gy\u00edrt jelenthet a Nemzeti Fejleszt\u00e9si Miniszt\u00e9rium d\u00f6nt\u00e9se a helyi k\u00f6z\u00f6ss\u00e9gi k\u00f6zleked\u00e9s t\u00e1mogat\u00e1s\u00e1r\u00f3l. A megy\u00e9be 75 milli\u00f3 forint jutott, ebb\u0151l Szolnok kapta a legt\u00f6bbet, 71 milli\u00f3t. A menetrend legk\u00f6zelebb szeptember elsej\u00e9n v\u00e1ltozik, tekintettel a tan\u00e9vkezd\u00e9sre. Azok pedig, akik m\u00e1r megv\u00e1s\u00e1rolt\u00e1k szeptemberi b\u00e9rlet\u00fcket, m\u00e1r m\u00e1t\u00f3l utazhatnak vele a helyi \u00e9s a helyk\u00f6zi j\u00e1ratokon egyar\u00e1nt.<br \/>\n<div style=\"width: 640px;\" class=\"wp-video\"><!--[if lt IE 9]><script>document.createElement('video');<\/script><![endif]-->\n<video class=\"wp-video-shortcode\" id=\"video-25909-1\" width=\"640\" height=\"360\" preload=\"metadata\" controls=\"controls\"><source type=\"video\/mp4\" src=\"\/spots\/hir\/hir_110829_02.mp4?_=1\" \/><a href=\"\/spots\/hir\/hir_110829_02.mp4\">\/spots\/hir\/hir_110829_02.mp4<\/a><\/video><\/div><\/p>\n","protected":false},"excerpt":{"rendered":"<p>Sz\u00e1zn\u00e1l is t\u00f6bb \u00e9szrev\u00e9tel \u00e9rkezett a helyi aut\u00f3busz menetrend j\u00falius 16-ai m\u00f3dos\u00edt\u00e1s\u00e1t k\u00f6vet\u0151en. Mint arr\u00f3l kor\u00e1bban besz\u00e1moltunk, a v\u00e1ltoztat\u00e1sokra k\u00f6lts\u00e9gtakar\u00e9koss\u00e1gi okok miatt volt sz\u00fcks\u00e9g. \u00d6sszesen 21 vonalat \u00e9rintett a ny\u00e1ri menetrend v\u00e1ltoztat\u00e1s, ebb\u0151l 8 eset\u00e9ben a j\u00e1ratok sz\u00e1ma is cs\u00f6kkent. A m\u00f3dos\u00edt\u00e1sokat m\u00e9g j\u00faniusi \u00fcl\u00e9s\u00e9n hagyta j\u00f3v\u00e1 a szolnoki k\u00f6zgy\u0171l\u00e9s, a szolg\u00e1ltat\u00f3 k\u00f6lts\u00e9geinek, illetve vesztes\u00e9geinek [&hellip;]<\/p>\n","protected":false},"author":2,"featured_media":0,"comment_status":"open","ping_status":"open","sticky":false,"template":"","format":"standard","meta":[],"categories":[21],"tags":[],"_links":{"self":[{"href":"http:\/\/archiv.szolnoktv.hu\/index.php?rest_route=\/wp\/v2\/posts\/25909"}],"collection":[{"href":"http:\/\/archiv.szolnoktv.hu\/index.php?rest_route=\/wp\/v2\/posts"}],"about":[{"href":"http:\/\/archiv.szolnoktv.hu\/index.php?rest_route=\/wp\/v2\/types\/post"}],"author":[{"embeddable":true,"href":"http:\/\/archiv.szolnoktv.hu\/index.php?rest_route=\/wp\/v2\/users\/2"}],"replies":[{"embeddable":true,"href":"http:\/\/archiv.szolnoktv.hu\/index.php?rest_route=%2Fwp%2Fv2%2Fcomments&post=25909"}],"version-history":[{"count":1,"href":"http:\/\/archiv.szolnoktv.hu\/index.php?rest_route=\/wp\/v2\/posts\/25909\/revisions"}],"predecessor-version":[{"id":25940,"href":"http:\/\/archiv.szolnoktv.hu\/index.php?rest_route=\/wp\/v2\/posts\/25909\/revisions\/25940"}],"wp:attachment":[{"href":"http:\/\/archiv.szolnoktv.hu\/index.php?rest_route=%2Fwp%2Fv2%2Fmedia&parent=25909"}],"wp:term":[{"taxonomy":"category","embeddable":true,"href":"http:\/\/archiv.szolnoktv.hu\/index.php?rest_route=%2Fwp%2Fv2%2Fcategories&post=25909"},{"taxonomy":"post_tag","embeddable":true,"href":"http:\/\/archiv.szolnoktv.hu\/index.php?rest_route=%2Fwp%2Fv2%2Ftags&post=25909"}],"curies":[{"name":"wp","href":"https:\/\/api.w.org\/{rel}","templated":true}]}}