{"id":25908,"date":"2011-08-29T16:33:11","date_gmt":"2011-08-29T16:33:11","guid":{"rendered":"http:\/\/archiv.szolnoktv.hu\/?p=25908"},"modified":"2021-10-28T17:31:32","modified_gmt":"2021-10-28T17:31:32","slug":"meltokeppen-unnepel-a-varos","status":"publish","type":"post","link":"http:\/\/archiv.szolnoktv.hu\/?p=25908","title":{"rendered":"M\u00e9lt\u00f3k\u00e9ppen \u00fcnnepel a v\u00e1ros"},"content":{"rendered":"<div class='booster-block booster-read-block'><\/div><p>A helyi \u00e9rt\u00e9kekre \u00e9p\u00edt id\u00e9n is Szolnok Napja. Az \u00f6sszesen \u00f6t napot \u00e1t\u00f6lel\u0151 kavalk\u00e1dban megtal\u00e1lhat\u00f3ak a lesznek a m\u00e1r hagyom\u00e1nyos programok, de \u00fajdons\u00e1gokkal is k\u00e9sz\u00fclnek a szervez\u0151k. A r\u00e9szletekr\u0151l ma sajt\u00f3t\u00e1j\u00e9koztat\u00f3n sz\u00e1moltak be.<br \/>\n<br \/> A Pest-Szolnok vas\u00fatvonal 1847. szeptember 1-jei megnyit\u00e1s\u00e1ra eml\u00e9kezve 2000 \u00f3ta ez a d\u00e1tum Szolnok Napja is. Az idei programok k\u00f6z\u00e9ppontj\u00e1ban &#8211; nem v\u00e9letlen\u00fcl \u00e9s \u00e9rdemtelen\u00fcl &#8211; ez\u00fattal is a vas\u00fat \u00e1ll &#8211; h angs\u00falyozta K\u00e1llai M\u00e1ria alpolg\u00e1rmester, aki szerint \u201e\u0151rzi Szolnok \u00e9s azt gondolom, elmondhatjuk a m\u00e1r\u00f3l, hogy fejleszti is ezt a hagyom\u00e1nyt, ezt a tradici\u00f3t. Ez a k\u00f6t\u0151d\u00e9s csal\u00e1dok sokas\u00e1g\u00e1t jelenti. A vas\u00fat f\u00f3kuszban \u00e1ll\u00e1s\u00e1n t\u00fal viszont azt is bemutatjuk, hogy Szolnok nevezhet\u0151 igaz\u00e1b\u00f3l rep\u00fcl\u0151v\u00e1rosnak \u00e9s katonav\u00e1rosnak is.\u201e Az \u00fcnnepi esem\u00e9nyek m\u00e1r szerd\u00e1n elkezd\u0151dnek, m\u00edg szeptember 1-j\u00e9n a hagyom\u00e1nyos koszor\u00faz\u00e1si \u00fcnneps\u00e9gek mellett ezen a napon adj\u00e1k \u00e1t a v\u00e1ros leg\u00e9rt\u00e9kesebb d\u00edjait. P\u00e9nteken 17 \u00f3r\u00e1t\u00f3l imm\u00e1r 16. alkalommal rendezik meg a katonazenekari fesztiv\u00e1lt, szombaton pedig igazi programkavalk\u00e1dra kell sz\u00e1m\u00edtani, amelynek k\u00f6z\u00e9ppontja a Szap\u00e1ry \u00fat lesz. Moln\u00e1r Lajos Mil\u00e1n, az Aba-Nov\u00e1k Kultur\u00e1lis K\u00f6zpont  \u00fcgyvezet\u0151 igazgat\u00f3ja elmondta, hogy megjelen\u00e9s\u00e9ben is \u00e9s a program k\u00edn\u00e1lat\u00e1ban is pr\u00f3b\u00e1lt\u00e1k \u201eel\u0151b\u00e1ny\u00e1szni\u201e mindazokat a hagyom\u00e1nyokat, \u00e9rt\u00e9keket, amik k\u00f6r\u00e9 \u201ef\u00f6lf\u0171zhetj\u00fck azt a bizonyos szolnokis\u00e1got\u201e, nem titkoltan lok\u00e1lpatri\u00f3ta rendezv\u00e9nyr\u0151l van sz\u00f3. A szombati program a Senior maratonnal indul a Kossuth t\u00e9rr\u0151l, a civil szervezetek pedig a Szap\u00e1ry \u00faton \u00e9s a Tiszai haj\u00f3sok ter\u00e9n v\u00e1rj\u00e1k az \u00e9rdekl\u0151d\u0151ket. \u00dajdons\u00e1gk\u00e9nt 936 szeletes tort\u00e1val is \u00fcnnepel a v\u00e1ros, 15 \u00f3r\u00e1t\u00f3l lehet majd megk\u00f3stolni. A Hild t\u00e9ren 7. alkalommal lesz m\u00e9zesnap \u00e9s m\u00e9h\u00e9sztal\u00e1lkoz\u00f3, valamint ny\u00edlt nap keret\u00e9ben lehet megtekinteni a j\u00e1rm\u0171jav\u00edt\u00f3t, a sportkedvel\u0151ket pedig l\u00e1btenisz \u00e9s er\u0151sember vet\u00e9lked\u0151 v\u00e1rja. Az esem\u00e9nysorozat utcab\u00e1llal \u00e9s j\u00f3t\u00e9konys\u00e1gi orgonahangversennyel fejez\u0151dik be.<br \/>\n<div style=\"width: 640px;\" class=\"wp-video\"><!--[if lt IE 9]><script>document.createElement('video');<\/script><![endif]-->\n<video class=\"wp-video-shortcode\" id=\"video-25908-1\" width=\"640\" height=\"360\" preload=\"metadata\" controls=\"controls\"><source type=\"video\/mp4\" src=\"\/spots\/hir\/hir_110829_03.mp4?_=1\" \/><a href=\"\/spots\/hir\/hir_110829_03.mp4\">\/spots\/hir\/hir_110829_03.mp4<\/a><\/video><\/div><\/p>\n","protected":false},"excerpt":{"rendered":"<p>A helyi \u00e9rt\u00e9kekre \u00e9p\u00edt id\u00e9n is Szolnok Napja. Az \u00f6sszesen \u00f6t napot \u00e1t\u00f6lel\u0151 kavalk\u00e1dban megtal\u00e1lhat\u00f3ak a lesznek a m\u00e1r hagyom\u00e1nyos programok, de \u00fajdons\u00e1gokkal is k\u00e9sz\u00fclnek a szervez\u0151k. A r\u00e9szletekr\u0151l ma sajt\u00f3t\u00e1j\u00e9koztat\u00f3n sz\u00e1moltak be. A Pest-Szolnok vas\u00fatvonal 1847. szeptember 1-jei megnyit\u00e1s\u00e1ra eml\u00e9kezve 2000 \u00f3ta ez a d\u00e1tum Szolnok Napja is. Az idei programok k\u00f6z\u00e9ppontj\u00e1ban &#8211; nem [&hellip;]<\/p>\n","protected":false},"author":2,"featured_media":0,"comment_status":"open","ping_status":"open","sticky":false,"template":"","format":"standard","meta":[],"categories":[21],"tags":[],"_links":{"self":[{"href":"http:\/\/archiv.szolnoktv.hu\/index.php?rest_route=\/wp\/v2\/posts\/25908"}],"collection":[{"href":"http:\/\/archiv.szolnoktv.hu\/index.php?rest_route=\/wp\/v2\/posts"}],"about":[{"href":"http:\/\/archiv.szolnoktv.hu\/index.php?rest_route=\/wp\/v2\/types\/post"}],"author":[{"embeddable":true,"href":"http:\/\/archiv.szolnoktv.hu\/index.php?rest_route=\/wp\/v2\/users\/2"}],"replies":[{"embeddable":true,"href":"http:\/\/archiv.szolnoktv.hu\/index.php?rest_route=%2Fwp%2Fv2%2Fcomments&post=25908"}],"version-history":[{"count":1,"href":"http:\/\/archiv.szolnoktv.hu\/index.php?rest_route=\/wp\/v2\/posts\/25908\/revisions"}],"predecessor-version":[{"id":25941,"href":"http:\/\/archiv.szolnoktv.hu\/index.php?rest_route=\/wp\/v2\/posts\/25908\/revisions\/25941"}],"wp:attachment":[{"href":"http:\/\/archiv.szolnoktv.hu\/index.php?rest_route=%2Fwp%2Fv2%2Fmedia&parent=25908"}],"wp:term":[{"taxonomy":"category","embeddable":true,"href":"http:\/\/archiv.szolnoktv.hu\/index.php?rest_route=%2Fwp%2Fv2%2Fcategories&post=25908"},{"taxonomy":"post_tag","embeddable":true,"href":"http:\/\/archiv.szolnoktv.hu\/index.php?rest_route=%2Fwp%2Fv2%2Ftags&post=25908"}],"curies":[{"name":"wp","href":"https:\/\/api.w.org\/{rel}","templated":true}]}}