{"id":25907,"date":"2011-08-29T12:24:05","date_gmt":"2011-08-29T12:24:05","guid":{"rendered":"http:\/\/archiv.szolnoktv.hu\/?p=25907"},"modified":"2021-10-28T17:31:32","modified_gmt":"2021-10-28T17:31:32","slug":"edzesben-az-olaj","status":"publish","type":"post","link":"http:\/\/archiv.szolnoktv.hu\/?p=25907","title":{"rendered":"Edz\u00e9sben az Olaj"},"content":{"rendered":"<div class='booster-block booster-read-block'><\/div><p>A Szolnoki Olaj KK v\u00e1logatott j\u00e1t\u00e9kosaival kieg\u00e9sz\u00fclve k\u00e9sz\u00fcl folytatja a felk\u00e9sz\u00fcl\u00e9st a k\u00f6vetkez\u0151 szezonra. A keret m\u00e9g nem teljes B\u00e1der M\u00e1rton ugyanis kisebb betegs\u00e9ggel k\u00fczd, \u00edgy \u0151 a h\u00e9ten nem edz egy\u00fctt a t\u00f6bbiekkel valamint a haramdik l\u00e9gi\u00f3st m\u00e9g keresi klub.<br \/>\n<br \/>A m\u0171f\u00fcves p\u00e1ly\u00e1n tart eligaz\u00edt\u00e1st a csapat szakmai igazgat\u00f3ja P\u00f3r P\u00e9ter. A felk\u00e9sz\u00fcl\u00e9s ezen szakasz\u00e1ban t\u00f6bbf\u00e9le edz\u00e9sm\u00f3dszerrel is tal\u00e1lkoznak a kosarasok, d\u00e9lel\u0151tt ink\u00e1bb az er\u0151s\u00edt\u00e9s, d\u00e9lut\u00e1n pedig a labd\u00e1s gyakorlatok ker\u00fclnek ter\u00edt\u00e9kre. A kerethez B\u00e1der M\u00e1rton kiv\u00e9tel\u00e9vel &#8211; \u0151 kisebb betegs\u00e9ggel k\u00fczd &#8211; az \u00f6sszes v\u00e1logatott j\u00e1t\u00e9kos csatlakozott. \u201c\u00cdgy, hogy sajnos nem jutott ki a v\u00e1logatott az EB-re teljesen borult a felk\u00e9sz\u00fcl\u00e9si menetrend, \u00edgy hamarabb kaptam vissza a fi\u00fakat. Ez sz\u00e1munkra, mint klub v\u00e9g\u00fclis jobb, de a programot \u00e1t kell szevezni, m\u00f3dos\u00edtani kell, \u00fagyhogy most vannak szervez\u00e9s alatt, konkr\u00e9tat m\u00e9g nem tudok, de b\u00e1rmelyik \u00f3r\u00e1ban, percben eld\u0151lhet, hogy melyik torn\u00e1ra, hova tudunk elmenni j\u00e1tszani.\u201e &#8211; mondta P\u00f3r P\u00e9ter szakmai igazgat\u00f3. Addig pedig maradnak az edz\u00e9sek. A tavalyi csapatb\u00f3l n\u00e9gy j\u00e1t\u00e9kos t\u00e1vozott, a mai edz\u00e9sen pedig h\u00e1rom \u00faj kosarassal tal\u00e1lkoztunk. Az egyik a bolg\u00e1r Hristo Nikolov, akir\u0151l mindent el\u00e1rul, hogy kor\u00e1bbi csapat\u00e1n\u00e1l a Rambo becenvet akasztott\u00e1k r\u00e1. \u201cEz az els\u0151 nap, hogy egy\u00fctt edz az eg\u00e9sz csapat, nagyon er\u0151snek t\u0171nik a keret \u00e9s hiszem, hogy meg tudjuk ism\u00e9telni a tavalyi sikereket.\u201e &#8211; nyilatkozta Nikolov. Kyle Wilsont aligha kell bemutatni a szurkol\u00f3knak. R\u00e9szese volt a Zalaegerszeg tavaly el\u0151tti diadalmenet\u00e9nek. \u201cEgy\u00fctt j\u00e1tszottam Trep\u00e1k Zolival Zalaegerszegen, amikor megnyert\u00fck a bakjnoks\u00e1got. De a keret t\u00f6bbi tagja is ismer\u0151s, ellenf\u00e9lk\u00e9nt ugyanis sokukkal tal\u00e1lkoztam a p\u00e1ly\u00e1n, nem volt gond a beilleszked\u00e9ssel.&#8221; &#8211; mondta Wilson. So\u00f3s G\u00e1bor is \u00faj a Tisza-partj\u00e1n. Az Olaj m\u00e1r tavaly is szerette volna megszerezni a v\u00e1logatott j\u00e1t\u00e9kost, \u00e1m, akkor m\u00e9g maradt Kaposv\u00e1ron. Mint mondta: \u00fagy \u00e9rzi, hogy most j\u00f6tt el az id\u0151 a v\u00e1lt\u00e1sra. \u201cJ\u00f3 csapat alakul, az elv\u00e1r\u00e1sok term\u00e9szetesen nagyok \u00e9s egym\u00e1s ut\u00e1n bajnoks\u00e1got \u00e9s kup\u00e1t nyerni nem egyszer\u0171, s\u0151t nagyon neh\u00e9z, de \u00fagy gondolom, hogy mindenkinek ez a c\u00e9lja \u00e9s mindenki arra t\u00f6rekszik, hogy a legt\u00f6bbet kihozza mag\u00e1b\u00f3l.\u201e &#8211; tette hozz\u00e1 So\u00f3s. A csapat b\u0151 egy h\u00f3nap m\u00falva m\u00e1r t\u00e9tmeccset j\u00e1tszik, okt\u00f3ber 4-\u00e9n a EuroChallange selejtez\u0151j\u00e9ben a Tamper\u00e9t fogadj\u00e1k Trotter\u00e9k.  &#8221;<br \/>\n<div style=\"width: 640px;\" class=\"wp-video\"><!--[if lt IE 9]><script>document.createElement('video');<\/script><![endif]-->\n<video class=\"wp-video-shortcode\" id=\"video-25907-1\" width=\"640\" height=\"360\" preload=\"metadata\" controls=\"controls\"><source type=\"video\/mp4\" src=\"\/spots\/hir\/hir_110829_01.mp4?_=1\" \/><a href=\"\/spots\/hir\/hir_110829_01.mp4\">\/spots\/hir\/hir_110829_01.mp4<\/a><\/video><\/div><\/p>\n","protected":false},"excerpt":{"rendered":"<p>A Szolnoki Olaj KK v\u00e1logatott j\u00e1t\u00e9kosaival kieg\u00e9sz\u00fclve k\u00e9sz\u00fcl folytatja a felk\u00e9sz\u00fcl\u00e9st a k\u00f6vetkez\u0151 szezonra. A keret m\u00e9g nem teljes B\u00e1der M\u00e1rton ugyanis kisebb betegs\u00e9ggel k\u00fczd, \u00edgy \u0151 a h\u00e9ten nem edz egy\u00fctt a t\u00f6bbiekkel valamint a haramdik l\u00e9gi\u00f3st m\u00e9g keresi klub. A m\u0171f\u00fcves p\u00e1ly\u00e1n tart eligaz\u00edt\u00e1st a csapat szakmai igazgat\u00f3ja P\u00f3r P\u00e9ter. A felk\u00e9sz\u00fcl\u00e9s ezen [&hellip;]<\/p>\n","protected":false},"author":2,"featured_media":0,"comment_status":"open","ping_status":"open","sticky":false,"template":"","format":"standard","meta":[],"categories":[21],"tags":[],"_links":{"self":[{"href":"http:\/\/archiv.szolnoktv.hu\/index.php?rest_route=\/wp\/v2\/posts\/25907"}],"collection":[{"href":"http:\/\/archiv.szolnoktv.hu\/index.php?rest_route=\/wp\/v2\/posts"}],"about":[{"href":"http:\/\/archiv.szolnoktv.hu\/index.php?rest_route=\/wp\/v2\/types\/post"}],"author":[{"embeddable":true,"href":"http:\/\/archiv.szolnoktv.hu\/index.php?rest_route=\/wp\/v2\/users\/2"}],"replies":[{"embeddable":true,"href":"http:\/\/archiv.szolnoktv.hu\/index.php?rest_route=%2Fwp%2Fv2%2Fcomments&post=25907"}],"version-history":[{"count":1,"href":"http:\/\/archiv.szolnoktv.hu\/index.php?rest_route=\/wp\/v2\/posts\/25907\/revisions"}],"predecessor-version":[{"id":25942,"href":"http:\/\/archiv.szolnoktv.hu\/index.php?rest_route=\/wp\/v2\/posts\/25907\/revisions\/25942"}],"wp:attachment":[{"href":"http:\/\/archiv.szolnoktv.hu\/index.php?rest_route=%2Fwp%2Fv2%2Fmedia&parent=25907"}],"wp:term":[{"taxonomy":"category","embeddable":true,"href":"http:\/\/archiv.szolnoktv.hu\/index.php?rest_route=%2Fwp%2Fv2%2Fcategories&post=25907"},{"taxonomy":"post_tag","embeddable":true,"href":"http:\/\/archiv.szolnoktv.hu\/index.php?rest_route=%2Fwp%2Fv2%2Ftags&post=25907"}],"curies":[{"name":"wp","href":"https:\/\/api.w.org\/{rel}","templated":true}]}}