{"id":25905,"date":"2011-08-27T16:37:31","date_gmt":"2011-08-27T16:37:31","guid":{"rendered":"http:\/\/archiv.szolnoktv.hu\/?p=25905"},"modified":"2021-10-28T17:31:32","modified_gmt":"2021-10-28T17:31:32","slug":"haletelfozo-verseny","status":"publish","type":"post","link":"http:\/\/archiv.szolnoktv.hu\/?p=25905","title":{"rendered":"Hal\u00e9telf\u0151z\u0151-verseny"},"content":{"rendered":"<div class='booster-block booster-read-block'><\/div><p>Hal\u00e1szl\u00e9 illata \u00e9s n\u00f3tasz\u00f3 lengte be szombat d\u00e9lel\u0151tt a Szandasz\u0151l\u0151si \u00c1ltal\u00e1nos Iskola udvar\u00e1t. Negyedik alkalommal szervezt\u00e9k meg ugyanis a v\u00e1rosr\u00e9szben a hal\u00e9telf\u0151z\u0151-versenyt. Tizenk\u00e9t csapat nevezett, hogy elnyerj\u00e9k a legjobb hal\u00e1szl\u00e9 d\u00edj\u00e1t.<br \/>\n<br \/> Negyedik alkalommal szervezt\u00e9k meg Szandasz\u0151l\u0151s\u00f6n a hal\u00e9telf\u0151z\u0151-versenyt. A Szandai Ny\u00e1r gasztron\u00f3miai programja sz\u00e9pen lassan hagyom\u00e1nny\u00e1 n\u0151tte ki mag\u00e1t. Az els\u0151 f\u0151z\u0151versenyen m\u00e9g csak k\u00e9t bogr\u00e1csban rotyogott az \u00e9tel, most azonban m\u00e1r tizenkett\u0151 csapat nevezett a versenyre. Hal\u00e1szl\u00e9 tiszai, bajai, vagy \u00e9ppen dunai m\u00f3dra, eg\u00e9sz halakkal, vagy p\u00e9pp\u00e9 passz\u00edrozottal. Mindenkinek m\u00e1s az \u00edzl\u00e9se. A zs\u0171rinek pedig nem volt k\u00f6nny\u0171 dolga, hogy eredm\u00e9nyt hirdessen. Az egyik nyugd\u00edjasokb\u00f3l \u00e1ll\u00f3 kis k\u00f6z\u00f6ss\u00e9g szak\u00edtva a hagyom\u00e1nyokkal a hal\u00e9telf\u0151z\u0151-versenyen sert\u00e9sp\u00f6rk\u00f6ltet k\u00e9sz\u00edtett. \u00d5k term\u00e9szetesen nem vettek r\u00e9szt a versenyen, de nem akartak kimaradni az eg\u00e9sz napos mulats\u00e1gb\u00f3l. A f\u0151z\u0151verseny ut\u00e1n a Szandai Ny\u00e1r v\u00e1rta \u00e9rdekes programokkal a kil\u00e1togat\u00f3kat. Este pedig Cozombolis \u00e9s az Origo zen\u00e9j\u00e9re t\u00e1ncolhattak a szandaiak.<br \/>\n<div style=\"width: 640px;\" class=\"wp-video\"><!--[if lt IE 9]><script>document.createElement('video');<\/script><![endif]-->\n<video class=\"wp-video-shortcode\" id=\"video-25905-1\" width=\"640\" height=\"360\" preload=\"metadata\" controls=\"controls\"><source type=\"video\/mp4\" src=\"\/spots\/hir\/hir_110828_03.mp4?_=1\" \/><a href=\"\/spots\/hir\/hir_110828_03.mp4\">\/spots\/hir\/hir_110828_03.mp4<\/a><\/video><\/div><\/p>\n","protected":false},"excerpt":{"rendered":"<p>Hal\u00e1szl\u00e9 illata \u00e9s n\u00f3tasz\u00f3 lengte be szombat d\u00e9lel\u0151tt a Szandasz\u0151l\u0151si \u00c1ltal\u00e1nos Iskola udvar\u00e1t. Negyedik alkalommal szervezt\u00e9k meg ugyanis a v\u00e1rosr\u00e9szben a hal\u00e9telf\u0151z\u0151-versenyt. Tizenk\u00e9t csapat nevezett, hogy elnyerj\u00e9k a legjobb hal\u00e1szl\u00e9 d\u00edj\u00e1t. Negyedik alkalommal szervezt\u00e9k meg Szandasz\u0151l\u0151s\u00f6n a hal\u00e9telf\u0151z\u0151-versenyt. A Szandai Ny\u00e1r gasztron\u00f3miai programja sz\u00e9pen lassan hagyom\u00e1nny\u00e1 n\u0151tte ki mag\u00e1t. Az els\u0151 f\u0151z\u0151versenyen m\u00e9g csak k\u00e9t [&hellip;]<\/p>\n","protected":false},"author":2,"featured_media":0,"comment_status":"open","ping_status":"open","sticky":false,"template":"","format":"standard","meta":[],"categories":[21],"tags":[],"_links":{"self":[{"href":"http:\/\/archiv.szolnoktv.hu\/index.php?rest_route=\/wp\/v2\/posts\/25905"}],"collection":[{"href":"http:\/\/archiv.szolnoktv.hu\/index.php?rest_route=\/wp\/v2\/posts"}],"about":[{"href":"http:\/\/archiv.szolnoktv.hu\/index.php?rest_route=\/wp\/v2\/types\/post"}],"author":[{"embeddable":true,"href":"http:\/\/archiv.szolnoktv.hu\/index.php?rest_route=\/wp\/v2\/users\/2"}],"replies":[{"embeddable":true,"href":"http:\/\/archiv.szolnoktv.hu\/index.php?rest_route=%2Fwp%2Fv2%2Fcomments&post=25905"}],"version-history":[{"count":1,"href":"http:\/\/archiv.szolnoktv.hu\/index.php?rest_route=\/wp\/v2\/posts\/25905\/revisions"}],"predecessor-version":[{"id":25944,"href":"http:\/\/archiv.szolnoktv.hu\/index.php?rest_route=\/wp\/v2\/posts\/25905\/revisions\/25944"}],"wp:attachment":[{"href":"http:\/\/archiv.szolnoktv.hu\/index.php?rest_route=%2Fwp%2Fv2%2Fmedia&parent=25905"}],"wp:term":[{"taxonomy":"category","embeddable":true,"href":"http:\/\/archiv.szolnoktv.hu\/index.php?rest_route=%2Fwp%2Fv2%2Fcategories&post=25905"},{"taxonomy":"post_tag","embeddable":true,"href":"http:\/\/archiv.szolnoktv.hu\/index.php?rest_route=%2Fwp%2Fv2%2Ftags&post=25905"}],"curies":[{"name":"wp","href":"https:\/\/api.w.org\/{rel}","templated":true}]}}