{"id":25904,"date":"2011-08-27T16:35:31","date_gmt":"2011-08-27T16:35:31","guid":{"rendered":"http:\/\/archiv.szolnoktv.hu\/?p=25904"},"modified":"2021-10-28T17:31:32","modified_gmt":"2021-10-28T17:31:32","slug":"a-fogyatekos-gyerekekert-futottak","status":"publish","type":"post","link":"http:\/\/archiv.szolnoktv.hu\/?p=25904","title":{"rendered":"A fogyat\u00e9kos gyerekek\u00e9rt futottak"},"content":{"rendered":"<div class='booster-block booster-read-block'><\/div><p>Futunk, hogy seg\u00edthess\u00fck. Ez a jelmondata annak a j\u00f3t\u00e9konys\u00e1gi fut\u00e1snak, mely ma \u00e9rt v\u00e9get. Tucatnyi sportember indult \u00fatnak Sz\u00e9kesfeh\u00e9rv\u00e1rr\u00f3l cs\u00fct\u00f6rt\u00f6k\u00f6n, hogy k\u00f6r\u00fclbel\u00fcl 320 km megt\u00e9tele ut\u00e1n vas\u00e1rnap Debrecenbe \u00e9rjenek. A fut\u00e1ssal a fogyat\u00e9kos gyermekekre \u00e9s az es\u00e9lyegyenl\u0151s\u00e9gre h\u00edvt\u00e1k fel a figyelmet.<br \/>\n<br \/> A fogyat\u00e9kos gyerekek\u00e9rt futottak. Nagyj\u00e1b\u00f3l 320 km van a h\u00e1tuk m\u00f6g\u00f6tt azoknak a fut\u00f3knak, akik Sz\u00e9kesfeh\u00e9rv\u00e1rr\u00f3l indultak el. Cs\u00fct\u00f6rt\u00f6ki rajtjuk ut\u00e1n szombaton d\u00e9lel\u0151tt \u00e9rtek Szolnokra, ahol Szab\u00f3 Istv\u00e1n, alpolg\u00e1rmester k\u00f6sz\u00f6nt\u00f6tte az Angyalsz\u00edv Alap\u00edtv\u00e1ny tagjait. -Szeretn\u00e9nk felh\u00edvni a t\u00e1rsadalom figyelm\u00e9t arra, hogy a fogyat\u00e9kos gyerekek elk\u00fcl\u00f6n\u00fclten \u00e9lnek, mert elk\u00fcl\u00f6n\u00edtett int\u00e9zm\u00e9nyekbe vannak k\u00e9nyszer\u00edtve \u00e9s azt szeretn\u00e9nk el\u00e9rni, hogy \u0151k is ugyanolyan, ugyan\u00fagy kezelj\u00e9k a fogyat\u00e9kos, s\u00e9r\u00fclt gyerekeket, mint a norm\u00e1lis, \u00e9p gyerekeket.- nyilatkozta az egyik fut\u00f3. Eredetileg tizen\u00f6ten voltak, de a fut\u00f3k sz\u00e1ma szinte minden nap negyven f\u00f6l\u00f6tt volt, hiszen sok szimpatiz\u00e1ns csatlakozott hozz\u00e1juk r\u00f6videbb t\u00e1vokra. A fut\u00e1s sor\u00e1n adom\u00e1nyt is gy\u0171jtenek, melyb\u0151l a fogyat\u00e9kos gyerekek oktat\u00e1s\u00e1hoz sz\u00fcks\u00e9ges speci\u00e1lis eszk\u00f6z\u00f6ket v\u00e1s\u00e1roln\u00e1nak. A fut\u00f3k n\u00e9h\u00e1ny percig megpihentek, majd a Szolnoki G\u00f6rd\u00f6g\u00f6k SE, valamint a Szolnoki Honv\u00e9d SE tagjai k\u00eds\u00e9ret\u00e9ben \u00fatra keltek, hogy a n\u00e9gynapos fut\u00e1s 105 kilom\u00e9teres leghosszabb etapj\u00e1t is maguk m\u00f6g\u00f6tt hagyj\u00e1k.<br \/>\n<div style=\"width: 640px;\" class=\"wp-video\"><!--[if lt IE 9]><script>document.createElement('video');<\/script><![endif]-->\n<video class=\"wp-video-shortcode\" id=\"video-25904-1\" width=\"640\" height=\"360\" preload=\"metadata\" controls=\"controls\"><source type=\"video\/mp4\" src=\"\/spots\/hir\/hir_110828_02.mp4?_=1\" \/><a href=\"\/spots\/hir\/hir_110828_02.mp4\">\/spots\/hir\/hir_110828_02.mp4<\/a><\/video><\/div><\/p>\n","protected":false},"excerpt":{"rendered":"<p>Futunk, hogy seg\u00edthess\u00fck. Ez a jelmondata annak a j\u00f3t\u00e9konys\u00e1gi fut\u00e1snak, mely ma \u00e9rt v\u00e9get. Tucatnyi sportember indult \u00fatnak Sz\u00e9kesfeh\u00e9rv\u00e1rr\u00f3l cs\u00fct\u00f6rt\u00f6k\u00f6n, hogy k\u00f6r\u00fclbel\u00fcl 320 km megt\u00e9tele ut\u00e1n vas\u00e1rnap Debrecenbe \u00e9rjenek. A fut\u00e1ssal a fogyat\u00e9kos gyermekekre \u00e9s az es\u00e9lyegyenl\u0151s\u00e9gre h\u00edvt\u00e1k fel a figyelmet. A fogyat\u00e9kos gyerekek\u00e9rt futottak. Nagyj\u00e1b\u00f3l 320 km van a h\u00e1tuk m\u00f6g\u00f6tt azoknak a fut\u00f3knak, [&hellip;]<\/p>\n","protected":false},"author":2,"featured_media":0,"comment_status":"open","ping_status":"open","sticky":false,"template":"","format":"standard","meta":[],"categories":[21],"tags":[],"_links":{"self":[{"href":"http:\/\/archiv.szolnoktv.hu\/index.php?rest_route=\/wp\/v2\/posts\/25904"}],"collection":[{"href":"http:\/\/archiv.szolnoktv.hu\/index.php?rest_route=\/wp\/v2\/posts"}],"about":[{"href":"http:\/\/archiv.szolnoktv.hu\/index.php?rest_route=\/wp\/v2\/types\/post"}],"author":[{"embeddable":true,"href":"http:\/\/archiv.szolnoktv.hu\/index.php?rest_route=\/wp\/v2\/users\/2"}],"replies":[{"embeddable":true,"href":"http:\/\/archiv.szolnoktv.hu\/index.php?rest_route=%2Fwp%2Fv2%2Fcomments&post=25904"}],"version-history":[{"count":1,"href":"http:\/\/archiv.szolnoktv.hu\/index.php?rest_route=\/wp\/v2\/posts\/25904\/revisions"}],"predecessor-version":[{"id":25945,"href":"http:\/\/archiv.szolnoktv.hu\/index.php?rest_route=\/wp\/v2\/posts\/25904\/revisions\/25945"}],"wp:attachment":[{"href":"http:\/\/archiv.szolnoktv.hu\/index.php?rest_route=%2Fwp%2Fv2%2Fmedia&parent=25904"}],"wp:term":[{"taxonomy":"category","embeddable":true,"href":"http:\/\/archiv.szolnoktv.hu\/index.php?rest_route=%2Fwp%2Fv2%2Fcategories&post=25904"},{"taxonomy":"post_tag","embeddable":true,"href":"http:\/\/archiv.szolnoktv.hu\/index.php?rest_route=%2Fwp%2Fv2%2Ftags&post=25904"}],"curies":[{"name":"wp","href":"https:\/\/api.w.org\/{rel}","templated":true}]}}