{"id":25903,"date":"2011-08-27T16:32:09","date_gmt":"2011-08-27T16:32:09","guid":{"rendered":"http:\/\/archiv.szolnoktv.hu\/?p=25903"},"modified":"2021-10-28T17:31:32","modified_gmt":"2021-10-28T17:31:32","slug":"onkentesek-gallyaztak-a-maria-utcaban","status":"publish","type":"post","link":"http:\/\/archiv.szolnoktv.hu\/?p=25903","title":{"rendered":"\u00d6nk\u00e9ntesek gallyaztak a M\u00e1ria utc\u00e1ban"},"content":{"rendered":"<div class='booster-block booster-read-block'><\/div><p>\u00d6nk\u00e9ntesek metszett\u00e9k meg a M\u00e1ria \u00fati f\u00e1kat. A nyolcvan \u00e9ves fasor az \u00fattest \u00e9s a j\u00e1rda f\u00f6l\u00e9 l\u00f3g\u00f3 \u00e1gait, gallyait v\u00e1gt\u00e1k le az \u00f6nkorm\u00e1nyzat munkat\u00e1rsai szombat d\u00e9lel\u0151tt.<br \/>\n<br \/> A M\u00e1ria utca ostorf\u00e1it metszett\u00e9k meg szombat d\u00e9lel\u0151tt az \u00f6nkorm\u00e1nyzat munkat\u00e1rsai. A nyolcvan \u00e9ves fasor a v\u00e1ros d\u00edsze. \u00c1m n\u00e9h\u00e1ny \u00e9ve alaposan visszav\u00e1gt\u00e1k a f\u00e1kat. -A f\u00e1k rejtett r\u00fcgyeikb\u0151l sz\u00e9pen kihajtottak. Ez a nyugati ostorf\u00e1nak a jellegzetess\u00e9ge, hogy egy \u00e9v alatt k\u00e9pes 3-4 m\u00e9teres hossz\u00fa hajt\u00e1sokat kinevelni. Tavaly nagyon j\u00f3 csapad\u00e9kos id\u0151j\u00e1r\u00e1s volt \u00e9s ennek k\u00f6vetkezm\u00e9nye az, hogy ilyen sz\u00e9pen kihajtottak ezek a f\u00e1k \u00e9s ez\u00e9rt vagyunk most mi itt. &#8211; mondta az \u00f6nkorm\u00e1nyzat kert\u00e9sze. A szombati \u00f6nk\u00e9ntes munka sor\u00e1n csak a k\u00f6zleked\u00e9sbiztons\u00e1gra figyeltek. \u00cdgy csak azokat az \u00e1gakat, gallyakat v\u00e1gt\u00e1k le, amik a j\u00e1rda, vagy az \u00fattest f\u00f6l\u00e9 ny\u00faltak be. K\u00f6r\u00fclbel\u00fcl \u00f6t k\u00f6bm\u00e9ternyi z\u00f6ldhullad\u00e9kot gy\u0171jt\u00f6ttek az \u00f6nk\u00e9ntesek.<br \/>\n<div style=\"width: 640px;\" class=\"wp-video\"><!--[if lt IE 9]><script>document.createElement('video');<\/script><![endif]-->\n<video class=\"wp-video-shortcode\" id=\"video-25903-1\" width=\"640\" height=\"360\" preload=\"metadata\" controls=\"controls\"><source type=\"video\/mp4\" src=\"\/spots\/hir\/hir_110828_01.mp4?_=1\" \/><a href=\"\/spots\/hir\/hir_110828_01.mp4\">\/spots\/hir\/hir_110828_01.mp4<\/a><\/video><\/div><\/p>\n","protected":false},"excerpt":{"rendered":"<p>\u00d6nk\u00e9ntesek metszett\u00e9k meg a M\u00e1ria \u00fati f\u00e1kat. A nyolcvan \u00e9ves fasor az \u00fattest \u00e9s a j\u00e1rda f\u00f6l\u00e9 l\u00f3g\u00f3 \u00e1gait, gallyait v\u00e1gt\u00e1k le az \u00f6nkorm\u00e1nyzat munkat\u00e1rsai szombat d\u00e9lel\u0151tt. A M\u00e1ria utca ostorf\u00e1it metszett\u00e9k meg szombat d\u00e9lel\u0151tt az \u00f6nkorm\u00e1nyzat munkat\u00e1rsai. A nyolcvan \u00e9ves fasor a v\u00e1ros d\u00edsze. \u00c1m n\u00e9h\u00e1ny \u00e9ve alaposan visszav\u00e1gt\u00e1k a f\u00e1kat. -A f\u00e1k rejtett [&hellip;]<\/p>\n","protected":false},"author":2,"featured_media":0,"comment_status":"open","ping_status":"open","sticky":false,"template":"","format":"standard","meta":[],"categories":[21],"tags":[],"_links":{"self":[{"href":"http:\/\/archiv.szolnoktv.hu\/index.php?rest_route=\/wp\/v2\/posts\/25903"}],"collection":[{"href":"http:\/\/archiv.szolnoktv.hu\/index.php?rest_route=\/wp\/v2\/posts"}],"about":[{"href":"http:\/\/archiv.szolnoktv.hu\/index.php?rest_route=\/wp\/v2\/types\/post"}],"author":[{"embeddable":true,"href":"http:\/\/archiv.szolnoktv.hu\/index.php?rest_route=\/wp\/v2\/users\/2"}],"replies":[{"embeddable":true,"href":"http:\/\/archiv.szolnoktv.hu\/index.php?rest_route=%2Fwp%2Fv2%2Fcomments&post=25903"}],"version-history":[{"count":1,"href":"http:\/\/archiv.szolnoktv.hu\/index.php?rest_route=\/wp\/v2\/posts\/25903\/revisions"}],"predecessor-version":[{"id":25946,"href":"http:\/\/archiv.szolnoktv.hu\/index.php?rest_route=\/wp\/v2\/posts\/25903\/revisions\/25946"}],"wp:attachment":[{"href":"http:\/\/archiv.szolnoktv.hu\/index.php?rest_route=%2Fwp%2Fv2%2Fmedia&parent=25903"}],"wp:term":[{"taxonomy":"category","embeddable":true,"href":"http:\/\/archiv.szolnoktv.hu\/index.php?rest_route=%2Fwp%2Fv2%2Fcategories&post=25903"},{"taxonomy":"post_tag","embeddable":true,"href":"http:\/\/archiv.szolnoktv.hu\/index.php?rest_route=%2Fwp%2Fv2%2Ftags&post=25903"}],"curies":[{"name":"wp","href":"https:\/\/api.w.org\/{rel}","templated":true}]}}