{"id":25902,"date":"2011-08-26T17:25:06","date_gmt":"2011-08-26T17:25:06","guid":{"rendered":"http:\/\/archiv.szolnoktv.hu\/?p=25902"},"modified":"2021-10-28T17:31:33","modified_gmt":"2021-10-28T17:31:33","slug":"az-informatika-gyermekei","status":"publish","type":"post","link":"http:\/\/archiv.szolnoktv.hu\/?p=25902","title":{"rendered":"Az informatika gyermekei"},"content":{"rendered":"<div class='booster-block booster-read-block'><\/div><p>Sz\u00e1m\u00edt\u00f3g\u00e9pes j\u00e1tsz\u00f3h\u00e1zz\u00e1 alakul a Damjanich J\u00e1nos M\u00fazeum id\u0151szaki ki\u00e1ll\u00edt\u00f3terme.  Az int\u00e9zm\u00e9ny j\u00f6v\u0151 h\u00e9ten ny\u00edl\u00f3 \u00faj ki\u00e1ll\u00edt\u00e1sa a sz\u00e1m\u00edt\u00f3g\u00e9pes j\u00e1t\u00e9kok vil\u00e1g\u00e1ba kalauzolja el a l\u00e1togat\u00f3kat. rn<br \/>\n<br \/>  \tA ma 30-40 \u00e9ves koroszt\u00e1ly gyermekk\u00e9nt tal\u00e1n nem is gondolta, hogy egyszer a m\u00fazeumban l\u00e1thatja viszont kedvenc\u00e9t, a Nintendot. A Damjanich m\u00fazeum \u00e9s a Magyar M\u0171szaki \u00e9s K\u00f6zleked\u00e9si M\u00fazeum k\u00f6z\u00f6s ki\u00e1ll\u00edt\u00e1sa a sz\u00e1m\u00edt\u00f3g\u00e9pes j\u00e1t\u00e9kok t\u00f6rt\u00e9net\u00e9t, kultusz\u00e1t eleven\u00edti fel. A j\u00e1t\u00e9kok szinte h\u00edvogatj\u00e1k az embert, hogy pr\u00f3b\u00e1lja ki \u0151ket, erre term\u00e9szetesen a l\u00e1togat\u00f3knak lesz is lehet\u0151s\u00e9ge. De nemcsak a fiataloknak tartogatnak \u00e9rdekess\u00e9geket, hanem az sz\u00e1m\u00edt\u00f3g\u00e9pek ir\u00e1nt \u00e9rdekl\u0151d\u0151 id\u0151sebb koroszt\u00e1lynak is. A ki\u00e1ll\u00edt\u00e1s rendez\u0151je, K\u00e9pes G\u00e1bor muzeol\u00f3gus elmondta: bemutatj\u00e1k a vil\u00e1g egyik els\u0151 otthoni sz\u00e1m\u00edt\u00f3g\u00e9p\u00e9t, a Commodore PET-et, amely m\u00e9g a 70-es \u00e9vek v\u00e9g\u00e9n jelent meg, de l\u00e1thatnak a l\u00e1togat\u00f3k egy Hewlett-Packard programozhat\u00f3 sz\u00e1mol\u00f3g\u00e9pet is, amely a 60-as \u00e9vek v\u00e9g\u00e9n k\u00e9sz\u00fclt \u00e9s b\u00e1r sz\u00e1mol\u00f3g\u00e9p, de m\u00e1r l\u00e9tezett hozz\u00e1 j\u00e1t\u00e9kprogram is. M\u00e1sik \u00e9rdekess\u00e9g egy szint\u00e9n a 60-as \u00e9vek v\u00e9g\u00e9r\u00f3l sz\u00e1rmaz\u00f3 j\u00e1t\u00e9k, melyet egy magyar piarista szerzetes, Kov\u00e1cs Mih\u00e1ly \u00e9s tan\u00edtv\u00e1nya tervezett. L\u00e9nyege, hogy egy k\u00e9pzeletbeli foly\u00f3parton egy gazd\u00e1nak \u00e1t kell vinni a farkast, a kecsk\u00e9t meg a k\u00e1poszt\u00e1t &#8211; igen \u00e1m, de egyszerre csak egyet rakhat be a cs\u00f3nakba. R\u00e1ad\u00e1sul el\u00e9g nagy k\u00e9pzel\u0151er\u0151 kell a j\u00e1t\u00e9khoz, mivel mind\u00f6ssze zsebl\u00e1mpaizz\u00f3kb\u00f3l \u00e9s kapcsol\u00f3kb\u00f3l \u00e1llt. Az informatika gyermekei c\u00edm\u0171 ki\u00e1ll\u00edt\u00e1s augusztus 30-\u00e1n d\u00e9lut\u00e1n k\u00e9t \u00f3rakor ny\u00edlik \u00e9s okt\u00f3ber 23- ig tekinthet\u0151 meg.<br \/>\n<div style=\"width: 640px;\" class=\"wp-video\"><!--[if lt IE 9]><script>document.createElement('video');<\/script><![endif]-->\n<video class=\"wp-video-shortcode\" id=\"video-25902-1\" width=\"640\" height=\"360\" preload=\"metadata\" controls=\"controls\"><source type=\"video\/mp4\" src=\"\/spots\/hir\/hir_110826_02.mp4?_=1\" \/><a href=\"\/spots\/hir\/hir_110826_02.mp4\">\/spots\/hir\/hir_110826_02.mp4<\/a><\/video><\/div><\/p>\n","protected":false},"excerpt":{"rendered":"<p>Sz\u00e1m\u00edt\u00f3g\u00e9pes j\u00e1tsz\u00f3h\u00e1zz\u00e1 alakul a Damjanich J\u00e1nos M\u00fazeum id\u0151szaki ki\u00e1ll\u00edt\u00f3terme. Az int\u00e9zm\u00e9ny j\u00f6v\u0151 h\u00e9ten ny\u00edl\u00f3 \u00faj ki\u00e1ll\u00edt\u00e1sa a sz\u00e1m\u00edt\u00f3g\u00e9pes j\u00e1t\u00e9kok vil\u00e1g\u00e1ba kalauzolja el a l\u00e1togat\u00f3kat. rn A ma 30-40 \u00e9ves koroszt\u00e1ly gyermekk\u00e9nt tal\u00e1n nem is gondolta, hogy egyszer a m\u00fazeumban l\u00e1thatja viszont kedvenc\u00e9t, a Nintendot. A Damjanich m\u00fazeum \u00e9s a Magyar M\u0171szaki \u00e9s K\u00f6zleked\u00e9si M\u00fazeum k\u00f6z\u00f6s [&hellip;]<\/p>\n","protected":false},"author":2,"featured_media":0,"comment_status":"open","ping_status":"open","sticky":false,"template":"","format":"standard","meta":[],"categories":[21],"tags":[],"_links":{"self":[{"href":"http:\/\/archiv.szolnoktv.hu\/index.php?rest_route=\/wp\/v2\/posts\/25902"}],"collection":[{"href":"http:\/\/archiv.szolnoktv.hu\/index.php?rest_route=\/wp\/v2\/posts"}],"about":[{"href":"http:\/\/archiv.szolnoktv.hu\/index.php?rest_route=\/wp\/v2\/types\/post"}],"author":[{"embeddable":true,"href":"http:\/\/archiv.szolnoktv.hu\/index.php?rest_route=\/wp\/v2\/users\/2"}],"replies":[{"embeddable":true,"href":"http:\/\/archiv.szolnoktv.hu\/index.php?rest_route=%2Fwp%2Fv2%2Fcomments&post=25902"}],"version-history":[{"count":1,"href":"http:\/\/archiv.szolnoktv.hu\/index.php?rest_route=\/wp\/v2\/posts\/25902\/revisions"}],"predecessor-version":[{"id":25947,"href":"http:\/\/archiv.szolnoktv.hu\/index.php?rest_route=\/wp\/v2\/posts\/25902\/revisions\/25947"}],"wp:attachment":[{"href":"http:\/\/archiv.szolnoktv.hu\/index.php?rest_route=%2Fwp%2Fv2%2Fmedia&parent=25902"}],"wp:term":[{"taxonomy":"category","embeddable":true,"href":"http:\/\/archiv.szolnoktv.hu\/index.php?rest_route=%2Fwp%2Fv2%2Fcategories&post=25902"},{"taxonomy":"post_tag","embeddable":true,"href":"http:\/\/archiv.szolnoktv.hu\/index.php?rest_route=%2Fwp%2Fv2%2Ftags&post=25902"}],"curies":[{"name":"wp","href":"https:\/\/api.w.org\/{rel}","templated":true}]}}