{"id":25901,"date":"2011-08-26T14:25:42","date_gmt":"2011-08-26T14:25:42","guid":{"rendered":"http:\/\/archiv.szolnoktv.hu\/?p=25901"},"modified":"2021-10-28T17:31:33","modified_gmt":"2021-10-28T17:31:33","slug":"tobb-hajlektalan-is-az-utcan-el-pedig-lenne-szamukra-hely","status":"publish","type":"post","link":"http:\/\/archiv.szolnoktv.hu\/?p=25901","title":{"rendered":"T\u00f6bb hajl\u00e9ktalan is az utc\u00e1n \u00e9l, pedig lenne sz\u00e1mukra hely"},"content":{"rendered":"<div class='booster-block booster-read-block'><\/div><p>\u00c1ldatlan \u00e1llapotok uralkodnak az Ady Endre \u00e9s a M\u00f3ra Ferenc \u00fat k\u00f6rny\u00e9k\u00e9n &#8211; panaszolta egy   szerkeszt\u0151s\u00e9g\u00fcnkh\u00f6z fordul\u00f3  szolnoki lak\u00f3. \u00c1ll\u00edt\u00e1sa szerint a ter\u00fcleten t\u00f6bb hajl\u00e9ktalan is \u00e9l, \u00e9jjelente \u0151k csin\u00e1lnak szem\u00e9tdombot a k\u00f6rny\u00e9kb\u0151l, hagoskod\u00e1sukkal pedig folyamatosan zavarj\u00e1k az itt \u00e9l\u0151ket. A fed\u00e9l n\u00e9lk\u00fcl \u00e9l\u0151k pedig azt mondj\u00e1k, bizalmatlanok a hajl\u00e9ktalansz\u00e1ll\u00f3val szemben, r\u00e1ad\u00e1sul ott nem nagyon tudj\u00e1k az idej\u00fcket mivel elt\u00f6lteni. A rend\u0151rs\u00e9g \u00e9s a polg\u00e1rmsteri hivatal nem sok mindent tehet.<br \/>\n<br \/>\u201cA hajl\u00e9ktalaon v\u00e9gig itt \u00fclnek a kuty\u00e1kkal, ott alszik a sarokban, itt v\u00e9gzik a dolgukat, felh\u00e1bor\u00edt\u00f3!\u201e Egy k\u00f6rny\u00e9ken lak\u00f3 h\u00f6lgy panaszkodik az \u00e1ldatlan \u00e1llapotok miatt. A hajl\u00e9ktalanok visszaj\u00e1r\u00f3 vend\u00e9gek, itt a Szolnoki F\u0151iskola Ady Endre \u00fati \u00e9p\u00fclet\u00e9n\u00e9l. B\u00e1rmerre n\u00e9z\u00fcnk, eldob\u00e1lt alkoholos \u00fcvegek, csikkek szanasz\u00e9t, \u00e9telmarad\u00e9kok, szem\u00e9t, s\u0151t m\u00e9g a kuty\u00e1k etet\u00e9s\u00e9re szolg\u00e1l\u00f3 t\u00e1lakat is megtal\u00e1ljuk, k\u00f6r\u00fcl\u00f6tte csontdarabokkal. A lak\u00f3k elmond\u00e1sa szerint hatan vannak \u00e9s m\u00e1r hosz\u00fa h\u00f3napok, s\u0151t \u00e9vek \u00f3ta ide j\u00e1rnak vissza &#8211; szemetet \u00e9s terjeng\u0151 b\u0171zt hagyva maguk ut\u00e1n. A f\u0151sikola gondnoka s\u0171r\u0171n takar\u00edt, de napr\u00f3l-napra mindig ugyanaz a k\u00e9p fogadja. Pedig nem kellene az utc\u00e1n t\u00f6lteni\u00fck napjaikat. Ez az \u00e9jjeli mened\u00e9khely, ahol jelenleg h\u00e1rom f\u00e9rfi \u00e9s hat n\u0151 sz\u00e1m\u00e1ra van \u00fcres hely. \u201cNy\u00e1ron kevesebb kihaszn\u00e1lts\u00e1ggal m\u0171k\u00f6d\u00fcnk, mint a t\u00e9li h\u00f3napokban. Az \u00e9jjeli mened\u00e9khylen jelenleg h\u00e1rom \u00fcres hely van, az \u00e1tmeneti sz\u00e1ll\u00f3n 10 \u00fcres f\u00e9r\u0151hely van, mert egy program sor\u00e1n siker\u00fclt alb\u00e9rletbe k\u00f6lt\u00f6ztetni az \u00fcgyfeleket.\u201e &#8211; mondta F\u00fcl\u00f6p P\u00e9tern\u00e9 az \u00e1tmeneti int\u00e9zm\u00e9nyek vezet\u0151je. \u00c9bert J\u00f3zsef hosz\u00fa \u00e9vek \u00f3ta hajl\u00e9ktalan, jelenleg itt a T\u00f3szegi \u00fati int\u00e9zm\u00e9nyben \u00e9l. Kez\u00e9ben egy k\u00f6nyv: Hajl\u00e9k-tal\u00e1n: \u00e1llapot \u00e9s rem\u00e9ny &#8211; ezt a verset J\u00f3zsef \u00edrta \u00e9s m\u00e9g sz\u00e1mtalan alkot\u00e1s f\u0171z\u0151dik a nev\u00e9hez, m\u0171veit eladja, ebb\u0151l tartja fenn mag\u00e1t. A legnagyobb gond az lehet, hogy az utc\u00e1n \u00e9l\u0151k bizalmatlanok, tal\u00e1n emiatt is t\u00f6bb, mint 100 hajl\u00e9ktalan tengeti \u00e9let\u00e9t a v\u00e1ros k\u00fcl\u00f6nb\u00f6z\u0151 pontjain. Vissazt\u00e9rva a kiindul\u00f3pontra: P\u00e1sztorn\u00e9 Kov\u00e1cs \u00c1gnes a megyei rend\u0151rkapit\u00e1nys\u00e1g sajt\u00f3sz\u00f3v\u00edv\u0151je elmondta, hogy a hajl\u00e9ktalanok ellen csak akkor int\u00e9zkedhetnek, ha azok b\u0171ncselekm\u00e9nyt vagy b\u00e1rmilyen szab\u00e1lys\u00e9rt\u00e9st k\u00f6vetnek el. A polg\u00e1rmesteri hivatal sajt\u00f3referense Gyuricska \u00c9va pedig arr\u00f3l t\u00e1j\u00e9koztatott minket, hogy mivel ez egy gyakran felmer\u00fcl\u0151 probl\u00e9ma &#8211; \u00e9s nem csak az Ady Endre \u00faton &#8211; a rend\u0151r\u00f6k \u00e9s a polg\u00e1r\u0151r\u00f6k is gyakrabban j\u00e1r\u0151r\u00f6znek a k\u00f6rny\u00e9ken.<br \/>\n<div style=\"width: 640px;\" class=\"wp-video\"><!--[if lt IE 9]><script>document.createElement('video');<\/script><![endif]-->\n<video class=\"wp-video-shortcode\" id=\"video-25901-1\" width=\"640\" height=\"360\" preload=\"metadata\" controls=\"controls\"><source type=\"video\/mp4\" src=\"\/spots\/hir\/hir_110826_01.mp4?_=1\" \/><a href=\"\/spots\/hir\/hir_110826_01.mp4\">\/spots\/hir\/hir_110826_01.mp4<\/a><\/video><\/div><\/p>\n","protected":false},"excerpt":{"rendered":"<p>\u00c1ldatlan \u00e1llapotok uralkodnak az Ady Endre \u00e9s a M\u00f3ra Ferenc \u00fat k\u00f6rny\u00e9k\u00e9n &#8211; panaszolta egy szerkeszt\u0151s\u00e9g\u00fcnkh\u00f6z fordul\u00f3 szolnoki lak\u00f3. \u00c1ll\u00edt\u00e1sa szerint a ter\u00fcleten t\u00f6bb hajl\u00e9ktalan is \u00e9l, \u00e9jjelente \u0151k csin\u00e1lnak szem\u00e9tdombot a k\u00f6rny\u00e9kb\u0151l, hagoskod\u00e1sukkal pedig folyamatosan zavarj\u00e1k az itt \u00e9l\u0151ket. A fed\u00e9l n\u00e9lk\u00fcl \u00e9l\u0151k pedig azt mondj\u00e1k, bizalmatlanok a hajl\u00e9ktalansz\u00e1ll\u00f3val szemben, r\u00e1ad\u00e1sul ott nem nagyon [&hellip;]<\/p>\n","protected":false},"author":2,"featured_media":0,"comment_status":"open","ping_status":"open","sticky":false,"template":"","format":"standard","meta":[],"categories":[21],"tags":[],"_links":{"self":[{"href":"http:\/\/archiv.szolnoktv.hu\/index.php?rest_route=\/wp\/v2\/posts\/25901"}],"collection":[{"href":"http:\/\/archiv.szolnoktv.hu\/index.php?rest_route=\/wp\/v2\/posts"}],"about":[{"href":"http:\/\/archiv.szolnoktv.hu\/index.php?rest_route=\/wp\/v2\/types\/post"}],"author":[{"embeddable":true,"href":"http:\/\/archiv.szolnoktv.hu\/index.php?rest_route=\/wp\/v2\/users\/2"}],"replies":[{"embeddable":true,"href":"http:\/\/archiv.szolnoktv.hu\/index.php?rest_route=%2Fwp%2Fv2%2Fcomments&post=25901"}],"version-history":[{"count":1,"href":"http:\/\/archiv.szolnoktv.hu\/index.php?rest_route=\/wp\/v2\/posts\/25901\/revisions"}],"predecessor-version":[{"id":25948,"href":"http:\/\/archiv.szolnoktv.hu\/index.php?rest_route=\/wp\/v2\/posts\/25901\/revisions\/25948"}],"wp:attachment":[{"href":"http:\/\/archiv.szolnoktv.hu\/index.php?rest_route=%2Fwp%2Fv2%2Fmedia&parent=25901"}],"wp:term":[{"taxonomy":"category","embeddable":true,"href":"http:\/\/archiv.szolnoktv.hu\/index.php?rest_route=%2Fwp%2Fv2%2Fcategories&post=25901"},{"taxonomy":"post_tag","embeddable":true,"href":"http:\/\/archiv.szolnoktv.hu\/index.php?rest_route=%2Fwp%2Fv2%2Ftags&post=25901"}],"curies":[{"name":"wp","href":"https:\/\/api.w.org\/{rel}","templated":true}]}}