{"id":25900,"date":"2011-08-25T17:42:40","date_gmt":"2011-08-25T17:42:40","guid":{"rendered":"http:\/\/archiv.szolnoktv.hu\/?p=25900"},"modified":"2021-10-28T17:31:33","modified_gmt":"2021-10-28T17:31:33","slug":"a-varoshazarol-jelentjuk-14","status":"publish","type":"post","link":"http:\/\/archiv.szolnoktv.hu\/?p=25900","title":{"rendered":"A v\u00e1rosh\u00e1z\u00e1r\u00f3l jelentj\u00fck"},"content":{"rendered":"<div class='booster-block booster-read-block'><\/div><p>\u00dajabb p\u00e1ly\u00e1zatok beny\u00fajt\u00e1s\u00e1r\u00f3l, illetve a kor\u00e1bban beadottak m\u00f3dos\u00edt\u00e1s\u00e1r\u00f3l d\u00f6nt\u00f6tt mai, munkaterven k\u00edv\u00fcli \u00fcl\u00e9s\u00e9n Szolnok Megyei Jog\u00fa V\u00e1ros K\u00f6zgy\u0171l\u00e9se. A test\u00fclet arr\u00f3l is hat\u00e1rozott, hogy a Liszt Ferenc Kamarazenekar Alap\u00edtv\u00e1nnyal k\u00f6t\u00f6tt k\u00f6zszolg\u00e1ltat\u00e1si szerz\u0151d\u00e9st, annak 2012. m\u00e1jus 31-ei lej\u00e1rt\u00e1t k\u00f6vet\u0151en nem hosszabb\u00edtja meg, tekintettel a v\u00e1ros neh\u00e9z k\u00f6lts\u00e9gvet\u00e9si helyzet\u00e9re.<br \/>\n<br \/> \u00dajabb ker\u00e9kp\u00e1rutat \u00e9p\u00edtene a v\u00e1ros. A Szolnok \u00e9s T\u00f3szeg k\u00f6z\u00f6tti csaknem 6500 m\u00e9teres szakasz megtervez\u00e9s\u00e9re most t\u00f6bb mint 12 milli\u00f3 forintra p\u00e1ly\u00e1zik a megyesz\u00e9khely. A v\u00edz\u00fcgyi igazgat\u00f3s\u00e1g \u00e1rv\u00edzv\u00e9delmi f\u0151v\u00e9dvonal fejleszt\u00e9si p\u00e1ly\u00e1zat\u00e1nak t\u00e1mogat\u00e1s\u00e1r\u00f3l m\u00e1r tavaly d\u00f6nt\u00f6tt a k\u00f6zgy\u0171l\u00e9s. A Tisza jobb partj\u00e1n, az iparter\u00fcleten megval\u00f3sul\u00f3 beruh\u00e1z\u00e1shoz azonban \u00fajabb f\u00f6ldter\u00fclet sz\u00fcks\u00e9ges, ezt mai hat\u00e1rozat\u00e1val biztos\u00edtotta a test\u00fclet. A Holt-Tiszai V\u00edzi Sporttelep \u00e9p\u00fcletfel\u00faj\u00edt\u00e1s\u00e1ra ig\u00e9nyelt 20 milli\u00f3 forintb\u00f3l csaknem 18 milli\u00f3t j\u00f3v\u00e1hagyott a Bel\u00fcgyminiszt\u00e9rium. A k\u00fcl\u00f6nb\u00f6zetet t\u00f6bblet \u00f6ner\u0151k\u00e9nt a Szolnoki Sportcentrum biztos\u00edtja. A v\u00e1ros multifunkcion\u00e1lis sportp\u00e1lya l\u00e9tes\u00edt\u00e9s\u00e9re is p\u00e1ly\u00e1zik mintegy 15 milli\u00f3 forint \u00e9rt\u00e9kben, a l\u00e9tes\u00edtm\u00e9ny pozit\u00edv elb\u00edr\u00e1l\u00e1s eset\u00e9n a Kassai \u00fat &#8211; Moha \u00fat t\u00e9rs\u00e9g\u00e9ben val\u00f3sul meg. A mai munkaterven k\u00edv\u00fcli \u00fcl\u00e9s \u00fcnnep\u00e9lyes pillanatokkal fejez\u0151d\u00f6tt be. Szalay Ferenc a hivatal ad\u00f3\u00fcgyi oszt\u00e1lyvezet\u0151j\u00e9t k\u00f6sz\u00f6nt\u00f6tte. Dr. Varg\u00e1n\u00e9 Bodor Katalin az augusztus 20-i \u00e1llami \u00fcnnep alkalm\u00e1b\u00f3l a Magyar K\u00f6zt\u00e1rsas\u00e1gi Ez\u00fcst \u00c9rdemkereszt polg\u00e1ri tagozata elismer\u00e9sben r\u00e9szes\u00fclt. A polg\u00e1rmester szerint az oszt\u00e1lyvezet\u0151nek \u00e9s munkat\u00e1rsainak k\u00f6sz\u00f6nhet\u0151, hogy a v\u00e1rosban hossz\u00fa \u00e9vek \u00f3ta kimagasl\u00f3an j\u00f3 az ad\u00f3fizet\u00e9si mor\u00e1l.<br \/>\n<div style=\"width: 640px;\" class=\"wp-video\"><!--[if lt IE 9]><script>document.createElement('video');<\/script><![endif]-->\n<video class=\"wp-video-shortcode\" id=\"video-25900-1\" width=\"640\" height=\"360\" preload=\"metadata\" controls=\"controls\"><source type=\"video\/mp4\" src=\"\/spots\/hir\/hir_110825_04.mp4?_=1\" \/><a href=\"\/spots\/hir\/hir_110825_04.mp4\">\/spots\/hir\/hir_110825_04.mp4<\/a><\/video><\/div><\/p>\n","protected":false},"excerpt":{"rendered":"<p>\u00dajabb p\u00e1ly\u00e1zatok beny\u00fajt\u00e1s\u00e1r\u00f3l, illetve a kor\u00e1bban beadottak m\u00f3dos\u00edt\u00e1s\u00e1r\u00f3l d\u00f6nt\u00f6tt mai, munkaterven k\u00edv\u00fcli \u00fcl\u00e9s\u00e9n Szolnok Megyei Jog\u00fa V\u00e1ros K\u00f6zgy\u0171l\u00e9se. A test\u00fclet arr\u00f3l is hat\u00e1rozott, hogy a Liszt Ferenc Kamarazenekar Alap\u00edtv\u00e1nnyal k\u00f6t\u00f6tt k\u00f6zszolg\u00e1ltat\u00e1si szerz\u0151d\u00e9st, annak 2012. m\u00e1jus 31-ei lej\u00e1rt\u00e1t k\u00f6vet\u0151en nem hosszabb\u00edtja meg, tekintettel a v\u00e1ros neh\u00e9z k\u00f6lts\u00e9gvet\u00e9si helyzet\u00e9re. \u00dajabb ker\u00e9kp\u00e1rutat \u00e9p\u00edtene a v\u00e1ros. A Szolnok \u00e9s [&hellip;]<\/p>\n","protected":false},"author":2,"featured_media":0,"comment_status":"open","ping_status":"open","sticky":false,"template":"","format":"standard","meta":[],"categories":[21],"tags":[],"_links":{"self":[{"href":"http:\/\/archiv.szolnoktv.hu\/index.php?rest_route=\/wp\/v2\/posts\/25900"}],"collection":[{"href":"http:\/\/archiv.szolnoktv.hu\/index.php?rest_route=\/wp\/v2\/posts"}],"about":[{"href":"http:\/\/archiv.szolnoktv.hu\/index.php?rest_route=\/wp\/v2\/types\/post"}],"author":[{"embeddable":true,"href":"http:\/\/archiv.szolnoktv.hu\/index.php?rest_route=\/wp\/v2\/users\/2"}],"replies":[{"embeddable":true,"href":"http:\/\/archiv.szolnoktv.hu\/index.php?rest_route=%2Fwp%2Fv2%2Fcomments&post=25900"}],"version-history":[{"count":1,"href":"http:\/\/archiv.szolnoktv.hu\/index.php?rest_route=\/wp\/v2\/posts\/25900\/revisions"}],"predecessor-version":[{"id":25949,"href":"http:\/\/archiv.szolnoktv.hu\/index.php?rest_route=\/wp\/v2\/posts\/25900\/revisions\/25949"}],"wp:attachment":[{"href":"http:\/\/archiv.szolnoktv.hu\/index.php?rest_route=%2Fwp%2Fv2%2Fmedia&parent=25900"}],"wp:term":[{"taxonomy":"category","embeddable":true,"href":"http:\/\/archiv.szolnoktv.hu\/index.php?rest_route=%2Fwp%2Fv2%2Fcategories&post=25900"},{"taxonomy":"post_tag","embeddable":true,"href":"http:\/\/archiv.szolnoktv.hu\/index.php?rest_route=%2Fwp%2Fv2%2Ftags&post=25900"}],"curies":[{"name":"wp","href":"https:\/\/api.w.org\/{rel}","templated":true}]}}