{"id":25899,"date":"2011-08-25T17:13:19","date_gmt":"2011-08-25T17:13:19","guid":{"rendered":"http:\/\/archiv.szolnoktv.hu\/?p=25899"},"modified":"2021-10-28T17:31:33","modified_gmt":"2021-10-28T17:31:33","slug":"plehrendor","status":"publish","type":"post","link":"http:\/\/archiv.szolnoktv.hu\/?p=25899","title":{"rendered":"Pl\u00e9hrend\u0151r"},"content":{"rendered":"<div class='booster-block booster-read-block'><\/div><p>Pl\u00e9hrend\u0151r\u00f6ket \u00e9s rend\u0151raut\u00f3kat helyezett ki a rend\u0151rs\u00e9g a 4-es \u00e9s a 32-es \u00fat ment\u00e9n. A b\u00e1dog, de t\u00e1volr\u00f3l teljesen \u00e9leth\u0171 makettekt\u0151l azt v\u00e1rj\u00e1k, hogy az aut\u00f3sok az \u00e9rintett \u00fatszakaszokon ritk\u00e1bban l\u00e9pik majd \u00e1t a sebess\u00e9ghat\u00e1rt. Az \u00e1lrend\u0151r\u00f6k egy\u00e9bk\u00e9nt mobiliz\u00e1lhat\u00f3k.<br \/>\n<br \/> A megyei rend\u0151r-f\u0151kapit\u00e1nys\u00e1g \u00e9s a megyei baleset-megel\u0151z\u00e9si bizotts\u00e1g \u00e9vek \u00f3ta kiemelt feladata, hogy cs\u00f6kkents\u00e9k a 4-es sz\u00e1m\u00fa f\u0151\u00faton a baleseteket. -Az a c\u00e9lunk ezen imit\u00e1ci\u00f3k kihelyez\u00e9s\u00e9vel, hogy az \u00e9rkez\u0151 j\u00e1rm\u0171vezet\u0151k m\u00e1r t\u00e1volr\u00f3l \u00fagy v\u00e9lj\u00e9k, mintha igazi rend\u0151r, vagy rend\u0151raut\u00f3 lenne az \u00fattest mellett. F\u00e9kezzenek, lass\u00edtsanak \u00e9s ez\u00e1ltal tal\u00e1n el\u00e9rj\u00fck azt, hogy kevesebb hal\u00e1los baleset t\u00f6rt\u00e9nik majd a 4-es sz\u00e1m\u00fa f\u0151\u00faton.- mondta D\u00e1vid M\u00f3nika, a megyei baleset-megel\u0151z\u00e9si bizotts\u00e1g titk\u00e1ra. Kett\u0151 rend\u0151raut\u00f3 \u00e9s szint\u00e9n kett\u0151 \u00e1lrend\u0151r ker\u00fclt a 4-es \u00e9s a 32-es utak mell\u00e9. Az \u00e9leth\u0171 b\u00e1dog makettek mobiliz\u00e1lhat\u00f3k, teh\u00e1t k\u00f6nnyen lehet, hogy ahol ma m\u00e9g a makett \u00e1llt, ott holnap m\u00e1r egy val\u00f3di rend\u0151r posztol a sebess\u00e9gm\u00e9r\u0151vel.<br \/>\n<div style=\"width: 640px;\" class=\"wp-video\"><!--[if lt IE 9]><script>document.createElement('video');<\/script><![endif]-->\n<video class=\"wp-video-shortcode\" id=\"video-25899-1\" width=\"640\" height=\"360\" preload=\"metadata\" controls=\"controls\"><source type=\"video\/mp4\" src=\"\/spots\/hir\/hir_110825_03.mp4?_=1\" \/><a href=\"\/spots\/hir\/hir_110825_03.mp4\">\/spots\/hir\/hir_110825_03.mp4<\/a><\/video><\/div><\/p>\n","protected":false},"excerpt":{"rendered":"<p>Pl\u00e9hrend\u0151r\u00f6ket \u00e9s rend\u0151raut\u00f3kat helyezett ki a rend\u0151rs\u00e9g a 4-es \u00e9s a 32-es \u00fat ment\u00e9n. A b\u00e1dog, de t\u00e1volr\u00f3l teljesen \u00e9leth\u0171 makettekt\u0151l azt v\u00e1rj\u00e1k, hogy az aut\u00f3sok az \u00e9rintett \u00fatszakaszokon ritk\u00e1bban l\u00e9pik majd \u00e1t a sebess\u00e9ghat\u00e1rt. Az \u00e1lrend\u0151r\u00f6k egy\u00e9bk\u00e9nt mobiliz\u00e1lhat\u00f3k. A megyei rend\u0151r-f\u0151kapit\u00e1nys\u00e1g \u00e9s a megyei baleset-megel\u0151z\u00e9si bizotts\u00e1g \u00e9vek \u00f3ta kiemelt feladata, hogy cs\u00f6kkents\u00e9k a 4-es [&hellip;]<\/p>\n","protected":false},"author":2,"featured_media":0,"comment_status":"open","ping_status":"open","sticky":false,"template":"","format":"standard","meta":[],"categories":[21],"tags":[],"_links":{"self":[{"href":"http:\/\/archiv.szolnoktv.hu\/index.php?rest_route=\/wp\/v2\/posts\/25899"}],"collection":[{"href":"http:\/\/archiv.szolnoktv.hu\/index.php?rest_route=\/wp\/v2\/posts"}],"about":[{"href":"http:\/\/archiv.szolnoktv.hu\/index.php?rest_route=\/wp\/v2\/types\/post"}],"author":[{"embeddable":true,"href":"http:\/\/archiv.szolnoktv.hu\/index.php?rest_route=\/wp\/v2\/users\/2"}],"replies":[{"embeddable":true,"href":"http:\/\/archiv.szolnoktv.hu\/index.php?rest_route=%2Fwp%2Fv2%2Fcomments&post=25899"}],"version-history":[{"count":1,"href":"http:\/\/archiv.szolnoktv.hu\/index.php?rest_route=\/wp\/v2\/posts\/25899\/revisions"}],"predecessor-version":[{"id":25950,"href":"http:\/\/archiv.szolnoktv.hu\/index.php?rest_route=\/wp\/v2\/posts\/25899\/revisions\/25950"}],"wp:attachment":[{"href":"http:\/\/archiv.szolnoktv.hu\/index.php?rest_route=%2Fwp%2Fv2%2Fmedia&parent=25899"}],"wp:term":[{"taxonomy":"category","embeddable":true,"href":"http:\/\/archiv.szolnoktv.hu\/index.php?rest_route=%2Fwp%2Fv2%2Fcategories&post=25899"},{"taxonomy":"post_tag","embeddable":true,"href":"http:\/\/archiv.szolnoktv.hu\/index.php?rest_route=%2Fwp%2Fv2%2Ftags&post=25899"}],"curies":[{"name":"wp","href":"https:\/\/api.w.org\/{rel}","templated":true}]}}