{"id":25898,"date":"2011-08-25T17:03:00","date_gmt":"2011-08-25T17:03:00","guid":{"rendered":"http:\/\/archiv.szolnoktv.hu\/?p=25898"},"modified":"2021-10-28T17:31:33","modified_gmt":"2021-10-28T17:31:33","slug":"uj-csucs-meghoditasara-indul-a-szolnoki-hegymaszo","status":"publish","type":"post","link":"http:\/\/archiv.szolnoktv.hu\/?p=25898","title":{"rendered":"\u00daj cs\u00facs megh\u00f3d\u00edt\u00e1s\u00e1ra indul a szolnoki hegym\u00e1sz\u00f3"},"content":{"rendered":"<div class='booster-block booster-read-block'><\/div><p>A szolnoki Szlank\u00f3 Zolt\u00e1n is tagja annak annak a csapatnak, amely szeptemberben a f\u00f6ld 14. legmagasabb hegy\u00e9nek, a Shishapangm\u00e1nak cs\u00facs\u00e1t szeretn\u00e9 megh\u00f3d\u00edtani. Az exped\u00edci\u00f3 tagjai v\u00e1rhat\u00f3an okt\u00f3ber elej\u00e9n t\u00e9rnek haza.<br \/>\n<br \/> Szlank\u00f3 Zolt\u00e1n hegym\u00e1sz\u00f3 egy \u00e9v ut\u00e1n ism\u00e9t \u00fatnak indul, hogy egy \u00fajabb hegyet h\u00f3d\u00edtson meg a messzi Tibetben. A k\u00e9t magyar, k\u00e9t ecuadori \u00e9s k\u00e9t szlov\u00e9niai hegym\u00e1sz\u00f3b\u00f3l \u00e1ll\u00f3 csapat c\u00e9lja a 8027 m\u00e9ter magas Shishapangma, amely a 14. legmagasabb hegy a f\u00f6ld\u00f6n. 1987-ben m\u00e1r j\u00e1rt ott egy magyar exped\u00edci\u00f3, de a h\u00edrek szerint \u0151k  &#8211; b\u00e1r azt hitt\u00e9k, hogy a cs\u00facson vannak &#8211; csak egy mell\u00e9kcs\u00facsra jutottak fel. Az internetnek k\u00f6sz\u00f6nhet\u0151en a most indul\u00f3 h\u00f3d\u00edt\u00f3k m\u00e1r el\u0151re pontosan meg tudt\u00e1k tervezni, merre menjenek, hogy ne essenek ebbe a hi\u00e1ba, illetve arra is fel tudtak k\u00e9sz\u00fclni, hol v\u00e1rhat\u00f3k neh\u00e9zs\u00e9gek. Szlank\u00f3 Zolt\u00e1n elmondta: technikailag ez a hegy nem annyira neh\u00e9z, mert nincsenek f\u00fcgg\u0151leges falak, \u00e1m az akklimatiz\u00e1l\u00f3d\u00e1s nem egyszer\u0171 folyamat. Az alapt\u00e1bor 5400 m\u00e9teren lesz, ez eleve 600 m\u00e9terrel magasabb, mint Eur\u00f3pa legmagasabb hegye, a Mont Blanc. K\u00f6r\u00fclbel\u00fcl egy h\u00f3nap lesz, mire ki\u00e9p\u00edtik a t\u00e1borokat el\u00e9rik a cs\u00facsot. A szolnoki hegym\u00e1sz\u00f3 pedig nem szokv\u00e1nyos lejut\u00e1st tervez: s\u00edl\u00e9cekkel szeretn\u00e9 megtenni a lefel\u00e9 vezet\u0151 utat. Az exped\u00edci\u00f3 k\u00e9t magyar tagja p\u00e9nteken d\u00e9lt\u00e1jt indul Budapestr\u0151l, majd Isztambulon, Delhin kereszt\u00fcl Katmanduba rep\u00fclnek, ahol bev\u00e1rj\u00e1k ecuadori \u00e9s szlov\u00e9niai t\u00e1rsaikat, majd a nep\u00e1li szervez\u0151iroda viszi \u0151ket tov\u00e1bb Tibet ter\u00fclet\u00e9re. A hegym\u00e1sz\u00f3k a tervek szerint okt\u00f3ber elej\u00e9n t\u00e9rnek vissza.<br \/>\n<div style=\"width: 640px;\" class=\"wp-video\"><!--[if lt IE 9]><script>document.createElement('video');<\/script><![endif]-->\n<video class=\"wp-video-shortcode\" id=\"video-25898-1\" width=\"640\" height=\"360\" preload=\"metadata\" controls=\"controls\"><source type=\"video\/mp4\" src=\"\/spots\/hir\/hir_110825_02.mp4?_=1\" \/><a href=\"\/spots\/hir\/hir_110825_02.mp4\">\/spots\/hir\/hir_110825_02.mp4<\/a><\/video><\/div><\/p>\n","protected":false},"excerpt":{"rendered":"<p>A szolnoki Szlank\u00f3 Zolt\u00e1n is tagja annak annak a csapatnak, amely szeptemberben a f\u00f6ld 14. legmagasabb hegy\u00e9nek, a Shishapangm\u00e1nak cs\u00facs\u00e1t szeretn\u00e9 megh\u00f3d\u00edtani. Az exped\u00edci\u00f3 tagjai v\u00e1rhat\u00f3an okt\u00f3ber elej\u00e9n t\u00e9rnek haza. Szlank\u00f3 Zolt\u00e1n hegym\u00e1sz\u00f3 egy \u00e9v ut\u00e1n ism\u00e9t \u00fatnak indul, hogy egy \u00fajabb hegyet h\u00f3d\u00edtson meg a messzi Tibetben. A k\u00e9t magyar, k\u00e9t ecuadori \u00e9s k\u00e9t [&hellip;]<\/p>\n","protected":false},"author":2,"featured_media":0,"comment_status":"open","ping_status":"open","sticky":false,"template":"","format":"standard","meta":[],"categories":[21],"tags":[],"_links":{"self":[{"href":"http:\/\/archiv.szolnoktv.hu\/index.php?rest_route=\/wp\/v2\/posts\/25898"}],"collection":[{"href":"http:\/\/archiv.szolnoktv.hu\/index.php?rest_route=\/wp\/v2\/posts"}],"about":[{"href":"http:\/\/archiv.szolnoktv.hu\/index.php?rest_route=\/wp\/v2\/types\/post"}],"author":[{"embeddable":true,"href":"http:\/\/archiv.szolnoktv.hu\/index.php?rest_route=\/wp\/v2\/users\/2"}],"replies":[{"embeddable":true,"href":"http:\/\/archiv.szolnoktv.hu\/index.php?rest_route=%2Fwp%2Fv2%2Fcomments&post=25898"}],"version-history":[{"count":1,"href":"http:\/\/archiv.szolnoktv.hu\/index.php?rest_route=\/wp\/v2\/posts\/25898\/revisions"}],"predecessor-version":[{"id":25951,"href":"http:\/\/archiv.szolnoktv.hu\/index.php?rest_route=\/wp\/v2\/posts\/25898\/revisions\/25951"}],"wp:attachment":[{"href":"http:\/\/archiv.szolnoktv.hu\/index.php?rest_route=%2Fwp%2Fv2%2Fmedia&parent=25898"}],"wp:term":[{"taxonomy":"category","embeddable":true,"href":"http:\/\/archiv.szolnoktv.hu\/index.php?rest_route=%2Fwp%2Fv2%2Fcategories&post=25898"},{"taxonomy":"post_tag","embeddable":true,"href":"http:\/\/archiv.szolnoktv.hu\/index.php?rest_route=%2Fwp%2Fv2%2Ftags&post=25898"}],"curies":[{"name":"wp","href":"https:\/\/api.w.org\/{rel}","templated":true}]}}