{"id":25897,"date":"2011-08-25T11:59:45","date_gmt":"2011-08-25T11:59:45","guid":{"rendered":"http:\/\/archiv.szolnoktv.hu\/?p=25897"},"modified":"2021-10-28T17:31:33","modified_gmt":"2021-10-28T17:31:33","slug":"az-allam-atveszi-a-megyei-fenntartasu-intezmenyeket","status":"publish","type":"post","link":"http:\/\/archiv.szolnoktv.hu\/?p=25897","title":{"rendered":"Az \u00e1llam \u00e1tveszi a megyei fenntart\u00e1s\u00fa int\u00e9zm\u00e9nyeket"},"content":{"rendered":"<div class='booster-block booster-read-block'><\/div><p>Megkezd\u0151d\u00f6tt a J\u00e1sz-Nagykun-Szolnok Megyei \u00f6nkorm\u00e1nyzat kezel\u00e9s\u00e9ben l\u00e9v\u0151 vagyon- \u00e9s feladatrendszer \u00e1llami k\u00e9zbe ad\u00e1s\u00e1nak el\u0151k\u00e9sz\u00edt\u00e9se. Az \u00e1tszervez\u00e9s 22 int\u00e9zm\u00e9nyt \u00e9s mintegy 3500 dolgoz\u00f3t \u00e9rint &#8211; mondta  a megyei k\u00f6zgy\u0171l\u00e9s eln\u00f6ke \u00e9s a megyei korm\u00e1nymegb\u00edzott mai k\u00f6z\u00f6s sajt\u00f3t\u00e1j\u00e9koztat\u00f3j\u00e1n.<br \/>\n<br \/>\u201cT\u00f6bb lett az int\u00e9zm\u00e9ny\u00fcnk, nagyobb lett az int\u00e9zm\u00e9nyh\u00e1l\u00f3zat, t\u00f6bb dolgoz\u00f3 ker\u00fclt hozz\u00e1nk \u00e9s az \u00e1llam alulfinansz\u00edrozta a megy\u00e9ket.\u201e Mondta Kov\u00e1cs S\u00e1ndor a megyei k\u00f6zgy\u0171l\u00e9s eln\u00f6ke, aki azt is hozz\u00e1tette, hogy az \u00f6nkorm\u00e1nyzat az elm\u00falt 4 \u00e9vben majd 5 milli\u00e1rd forinttal kapott kevesebb t\u00e1mogat\u00e1st, mint az el\u0151z\u0151 ciklusban. A forr\u00e1smegvon\u00e1sok miatt sz\u00e1mos \u00f6nkorm\u00e1nyzat elad\u00f3sodott, ez\u00e9rt a helyzet\u00fcket s\u00fcrg\u0151sen rendezni kell. Szolnok megy\u00e9ben igaz nincs v\u00e9szhelyzet, a megyei \u00f6nkorm\u00e1nyzat hitelk\u00e9pes \u00e9s az int\u00e9zm\u00e9nyek m\u0171k\u00f6dtet\u00e9s\u00e9re is megvan a megfelel\u0151 h\u00e1tt\u00e9r, de orsz\u00e1gosan egys\u00e9ges megold\u00e1st kell tal\u00e1lni, mert t\u00f6bben is komoly likvidit\u00e1si gondokkal k\u00fczdnek. Az \u00faj rendszer el\u0151k\u00e9sz\u00edt\u00e9se a napokban megkezd\u0151d\u00f6tt, a korm\u00e1ny \u00e9s a megyei \u00f6nkorm\u00e1nyzatok meg\u00e1llapod\u00e1sa alapj\u00e1n 2012. janu\u00e1r elsej\u00e9vel veszi \u00e1t a korm\u00e1nyhivatal a 22 megyei fenntart\u00e1s\u00fa int\u00e9zm\u00e9nyt &#8211; k\u00f6zt\u00fck a megyei k\u00f3rh\u00e1zat is &#8211; valamint azok 3500 dolgoz\u00f3j\u00e1t. \u201cAz a c\u00e9lunk, hogy ebb\u0151l az int\u00e9zm\u00e9nyek munkav\u00e1llal\u00f3i \u00e9s f\u0151leg az ell\u00e1tottak semmit nem vegyenek \u00e9szre, nyilv\u00e1n az igazgat\u00f3k \u00e9szre fogj\u00e1k venni, hogy m\u00e1s a fenntart\u00f3juk, m\u00e1shov\u00e1 kell menni probl\u00e9m\u00e1jukkal \u00e9s a gazdas\u00e1gi t\u00e9ren is \u00e9szre fogj\u00e1k venni, hiszen a mostani nyolc \u00f6n\u00e1ll\u00f3an m\u0171k\u00f6d\u0151 \u00e9s gazd\u00e1lkod\u00f3 int\u00e9zm\u00e9ny is tov\u00e1bbi centraliz\u00e1l\u00e1sra ker\u00fcl.\u201e &#8211; tette hozz\u00e1 Lengyel Gy\u00f6rgyi megyei korm\u00e1nymegb\u00edzott, aki elmondta azt is: m\u00e9g nem biztos, hogy v\u00e9glegesnek tekinthet\u0151 ez a megold\u00e1s, miut\u00e1n 2013-ban l\u00e9trej\u00f6nnek a j\u00e1r\u00e1sok, ezzel pedig egyes int\u00e9zm\u00e9nyek is \u00e1tker\u00fclhetnek j\u00e1r\u00e1si szintre.<br \/>\n<div style=\"width: 640px;\" class=\"wp-video\"><!--[if lt IE 9]><script>document.createElement('video');<\/script><![endif]-->\n<video class=\"wp-video-shortcode\" id=\"video-25897-1\" width=\"640\" height=\"360\" preload=\"metadata\" controls=\"controls\"><source type=\"video\/mp4\" src=\"\/spots\/hir\/hir_110825_01.mp4?_=1\" \/><a href=\"\/spots\/hir\/hir_110825_01.mp4\">\/spots\/hir\/hir_110825_01.mp4<\/a><\/video><\/div><\/p>\n","protected":false},"excerpt":{"rendered":"<p>Megkezd\u0151d\u00f6tt a J\u00e1sz-Nagykun-Szolnok Megyei \u00f6nkorm\u00e1nyzat kezel\u00e9s\u00e9ben l\u00e9v\u0151 vagyon- \u00e9s feladatrendszer \u00e1llami k\u00e9zbe ad\u00e1s\u00e1nak el\u0151k\u00e9sz\u00edt\u00e9se. Az \u00e1tszervez\u00e9s 22 int\u00e9zm\u00e9nyt \u00e9s mintegy 3500 dolgoz\u00f3t \u00e9rint &#8211; mondta a megyei k\u00f6zgy\u0171l\u00e9s eln\u00f6ke \u00e9s a megyei korm\u00e1nymegb\u00edzott mai k\u00f6z\u00f6s sajt\u00f3t\u00e1j\u00e9koztat\u00f3j\u00e1n. \u201cT\u00f6bb lett az int\u00e9zm\u00e9ny\u00fcnk, nagyobb lett az int\u00e9zm\u00e9nyh\u00e1l\u00f3zat, t\u00f6bb dolgoz\u00f3 ker\u00fclt hozz\u00e1nk \u00e9s az \u00e1llam alulfinansz\u00edrozta a megy\u00e9ket.\u201e Mondta [&hellip;]<\/p>\n","protected":false},"author":2,"featured_media":0,"comment_status":"open","ping_status":"open","sticky":false,"template":"","format":"standard","meta":[],"categories":[21],"tags":[],"_links":{"self":[{"href":"http:\/\/archiv.szolnoktv.hu\/index.php?rest_route=\/wp\/v2\/posts\/25897"}],"collection":[{"href":"http:\/\/archiv.szolnoktv.hu\/index.php?rest_route=\/wp\/v2\/posts"}],"about":[{"href":"http:\/\/archiv.szolnoktv.hu\/index.php?rest_route=\/wp\/v2\/types\/post"}],"author":[{"embeddable":true,"href":"http:\/\/archiv.szolnoktv.hu\/index.php?rest_route=\/wp\/v2\/users\/2"}],"replies":[{"embeddable":true,"href":"http:\/\/archiv.szolnoktv.hu\/index.php?rest_route=%2Fwp%2Fv2%2Fcomments&post=25897"}],"version-history":[{"count":1,"href":"http:\/\/archiv.szolnoktv.hu\/index.php?rest_route=\/wp\/v2\/posts\/25897\/revisions"}],"predecessor-version":[{"id":25952,"href":"http:\/\/archiv.szolnoktv.hu\/index.php?rest_route=\/wp\/v2\/posts\/25897\/revisions\/25952"}],"wp:attachment":[{"href":"http:\/\/archiv.szolnoktv.hu\/index.php?rest_route=%2Fwp%2Fv2%2Fmedia&parent=25897"}],"wp:term":[{"taxonomy":"category","embeddable":true,"href":"http:\/\/archiv.szolnoktv.hu\/index.php?rest_route=%2Fwp%2Fv2%2Fcategories&post=25897"},{"taxonomy":"post_tag","embeddable":true,"href":"http:\/\/archiv.szolnoktv.hu\/index.php?rest_route=%2Fwp%2Fv2%2Ftags&post=25897"}],"curies":[{"name":"wp","href":"https:\/\/api.w.org\/{rel}","templated":true}]}}