{"id":25896,"date":"2011-08-24T18:27:51","date_gmt":"2011-08-24T18:27:51","guid":{"rendered":"http:\/\/archiv.szolnoktv.hu\/?p=25896"},"modified":"2021-10-28T17:31:33","modified_gmt":"2021-10-28T17:31:33","slug":"atadtak-a-mora-uti-bolcsodet","status":"publish","type":"post","link":"http:\/\/archiv.szolnoktv.hu\/?p=25896","title":{"rendered":"\u00c1tadt\u00e1k a M\u00f3ra \u00fati b\u00f6lcs\u0151d\u00e9t"},"content":{"rendered":"<div class='booster-block booster-read-block'><\/div><p>Hivatalosan is \u00e1tadt\u00e1k a fel\u00faj\u00edtott \u00e9s kib\u0151v\u00edtett M\u00f3ra \u00fati b\u00f6lcs\u0151d\u00e9t. A munk\u00e1latok \u00e1prilis k\u00f6zep\u00e9n kezd\u0151dtek. A beruh\u00e1z\u00e1s az Eur\u00f3pai Uni\u00f3 \u00e9s a Magyar \u00c1llam \u00e1ltal ny\u00fajtott 104 milli\u00f3 forintos t\u00e1mogat\u00e1ssal val\u00f3sult meg.<br \/>\n<br \/>   \tA M\u00f3ra \u00fati b\u00f6lcs\u0151d\u00e9ben a munk\u00e1latok \u00e1prilisban kezd\u0151dtek \u00e9s n\u00e9gy h\u00f3napig tartottak. A fel\u00e9p\u00fclt 300 n\u00e9gyzetm\u00e9teres \u00faj r\u00e9szben 19 helyis\u00e9get alak\u00edtottak ki. Teljesen fel\u00faj\u00edtott\u00e1k a konyh\u00e1t \u00e9s akad\u00e1lymentes\u00edtett\u00e9k a r\u00e9gi \u00e9p\u00fcletet. Az \u00faj r\u00e9sznek k\u00f6sz\u00f6nhet\u0151en pedig a b\u00f6lcs\u0151de az eddigi hatvan helyett imm\u00e1r 80 gyermeket tud fogadni &#8211; ez pedig 6 \u00faj munkahelyet jelent. M\u00e9sz\u00e1ros Mih\u00e1lyn\u00e9, az Eg\u00e9szs\u00e9g\u00fcgyi \u00e9s B\u00f6lcs\u0151de Igazgat\u00f3s\u00e1g igazgat\u00f3ja elmondta: a k\u00e9t \u00faj csoportba n\u00e9gy gondoz\u00f3n\u0151t fognak alkalmazni, valamint egy technikai munkat\u00e1rsat \u00e9s egy konyhai kiseg\u00edt\u0151t vesznek m\u00e9g fel.  A beruh\u00e1z\u00e1s 123 milli\u00f3 forintba ker\u00fclt, ebb\u0151l k\u00f6zel 104 milli\u00f3 forint t\u00e1mogat\u00e1st a region\u00e1lis operat\u00edv program p\u00e1ly\u00e1zat\u00e1n nyert a fenntart\u00f3 szolnoki \u00f6nkorm\u00e1nyzat. Az int\u00e9zm\u00e9ny \u00e1tad\u00e1s\u00e1n Szalay Ferenc polg\u00e1rmester elmondta: most 560 gyermek j\u00e1r Szolnokon b\u00f6lcs\u0151d\u00e9be, amely sz\u00e9p sz\u00e1m, de jobb lenne, ha a dupl\u00e1ja lenne, mert a demogr\u00e1fiai probl\u00e9m\u00e1kat ebben az orsz\u00e1gban \u00e9s nagyon sok m\u00e1s helyen  a l\u00e9leksz\u00e1m cs\u00f6kken\u00e9se jelenti, \u00e9s egy-egy ilyen fel\u00faj\u00edt\u00e1s arr\u00f3l is sz\u00f3l, hogy b\u00edznak abban, hogy a j\u00f6v\u0151ben egyre t\u00f6bb gyermek sz\u00fcletik \u00e9s az ell\u00e1t\u00e1sukban a v\u00e1ros v\u00e1llaljon szerepet.<br \/>\n<div style=\"width: 640px;\" class=\"wp-video\"><!--[if lt IE 9]><script>document.createElement('video');<\/script><![endif]-->\n<video class=\"wp-video-shortcode\" id=\"video-25896-1\" width=\"640\" height=\"360\" preload=\"metadata\" controls=\"controls\"><source type=\"video\/mp4\" src=\"\/spots\/hir\/hir_110824_06.mp4?_=1\" \/><a href=\"\/spots\/hir\/hir_110824_06.mp4\">\/spots\/hir\/hir_110824_06.mp4<\/a><\/video><\/div><\/p>\n","protected":false},"excerpt":{"rendered":"<p>Hivatalosan is \u00e1tadt\u00e1k a fel\u00faj\u00edtott \u00e9s kib\u0151v\u00edtett M\u00f3ra \u00fati b\u00f6lcs\u0151d\u00e9t. A munk\u00e1latok \u00e1prilis k\u00f6zep\u00e9n kezd\u0151dtek. A beruh\u00e1z\u00e1s az Eur\u00f3pai Uni\u00f3 \u00e9s a Magyar \u00c1llam \u00e1ltal ny\u00fajtott 104 milli\u00f3 forintos t\u00e1mogat\u00e1ssal val\u00f3sult meg. A M\u00f3ra \u00fati b\u00f6lcs\u0151d\u00e9ben a munk\u00e1latok \u00e1prilisban kezd\u0151dtek \u00e9s n\u00e9gy h\u00f3napig tartottak. A fel\u00e9p\u00fclt 300 n\u00e9gyzetm\u00e9teres \u00faj r\u00e9szben 19 helyis\u00e9get alak\u00edtottak ki. Teljesen [&hellip;]<\/p>\n","protected":false},"author":2,"featured_media":0,"comment_status":"open","ping_status":"open","sticky":false,"template":"","format":"standard","meta":[],"categories":[21],"tags":[],"_links":{"self":[{"href":"http:\/\/archiv.szolnoktv.hu\/index.php?rest_route=\/wp\/v2\/posts\/25896"}],"collection":[{"href":"http:\/\/archiv.szolnoktv.hu\/index.php?rest_route=\/wp\/v2\/posts"}],"about":[{"href":"http:\/\/archiv.szolnoktv.hu\/index.php?rest_route=\/wp\/v2\/types\/post"}],"author":[{"embeddable":true,"href":"http:\/\/archiv.szolnoktv.hu\/index.php?rest_route=\/wp\/v2\/users\/2"}],"replies":[{"embeddable":true,"href":"http:\/\/archiv.szolnoktv.hu\/index.php?rest_route=%2Fwp%2Fv2%2Fcomments&post=25896"}],"version-history":[{"count":1,"href":"http:\/\/archiv.szolnoktv.hu\/index.php?rest_route=\/wp\/v2\/posts\/25896\/revisions"}],"predecessor-version":[{"id":25953,"href":"http:\/\/archiv.szolnoktv.hu\/index.php?rest_route=\/wp\/v2\/posts\/25896\/revisions\/25953"}],"wp:attachment":[{"href":"http:\/\/archiv.szolnoktv.hu\/index.php?rest_route=%2Fwp%2Fv2%2Fmedia&parent=25896"}],"wp:term":[{"taxonomy":"category","embeddable":true,"href":"http:\/\/archiv.szolnoktv.hu\/index.php?rest_route=%2Fwp%2Fv2%2Fcategories&post=25896"},{"taxonomy":"post_tag","embeddable":true,"href":"http:\/\/archiv.szolnoktv.hu\/index.php?rest_route=%2Fwp%2Fv2%2Ftags&post=25896"}],"curies":[{"name":"wp","href":"https:\/\/api.w.org\/{rel}","templated":true}]}}