{"id":25895,"date":"2011-08-24T17:24:48","date_gmt":"2011-08-24T17:24:48","guid":{"rendered":"http:\/\/archiv.szolnoktv.hu\/?p=25895"},"modified":"2021-10-28T17:31:33","modified_gmt":"2021-10-28T17:31:33","slug":"szolnokon-minden-iskolaban-lesz-tankonyv","status":"publish","type":"post","link":"http:\/\/archiv.szolnoktv.hu\/?p=25895","title":{"rendered":"Szolnokon minden iskol\u00e1ban lesz tank\u00f6nyv"},"content":{"rendered":"<div class='booster-block booster-read-block'><\/div><p>8 nap m\u00falva m\u00e1r szeptembert \u00edrunk, indul az \u00faj tan\u00e9v. Az iskol\u00e1kban elkezd\u0151d\u00f6tt a tank\u00f6nyvek \u00e1rus\u00edt\u00e1sa. A Belv\u00e1rosi \u00c1ltal\u00e1nos Iskol\u00e1ban ma d\u00e9lut\u00e1nt\u00f3l h\u00e1rom napon \u00e1t vehet\u0151k \u00e1t a k\u00f6nyvek, munkaf\u00fczetek.<br \/>\n<br \/>Szolnokon tavaly 4500 gyermek kapott ingyen tank\u00f6nyveket, friss adatok m\u00e9g nincsenek. Tank\u00f6nyvbojkott\u00f3l hangos az orsz\u00e1gos sajt\u00f3, Szolnokon nincs gond. Itt ugyanis a fejenk\u00e9nti 12 ezer forintos \u00e1llami normat\u00edv\u00e1t az \u00f6nkorm\u00e1nyzat \u00e1tadja az iskol\u00e1knak, ez\u00e9rt az int\u00e9zm\u00e9nyek felel\u0151ss\u00e9ge, hogy egy olyan di\u00e1k se maradjon tank\u00f6nyv n\u00e9lk\u00fcl, akinek ingyen j\u00e1r a csomag. &#8211; mondta \u00c1beln\u00e9 Egyed Eleon\u00f3ra, a polg\u00e1rmester hivatal Oktat\u00e1si \u00e9s Ifj\u00fas\u00e1gi oszt\u00e1ly\u00e1nak vezet\u0151je. A megyei korm\u00e1nyhivataln\u00e1l sem tudnak r\u00f3la, hogy a k\u00f6rnyez\u0151 \u00f6nkorm\u00e1nyzatok m\u00e1sra k\u00f6lt\u00f6tt\u00e9k volna az ingyenes tank\u00f6nyvek \u00e1r\u00e1t. rnAz elm\u00falt napokban az orsz\u00e1gban 27 \u00f6nkorm\u00e1nyzatr\u00f3l der\u00fclt ki, hogy m\u00e1sra k\u00f6lt\u00f6tt\u00e9k az ingyenes tank\u00f6nyvek \u00e1r\u00e1t. Hoffmann R\u00f3za oktat\u00e1si \u00e1llamtitk\u00e1r jelezte: a j\u00f6v\u0151 \u00e9vt\u0151l a tank\u00f6nyvt\u00e1mogat\u00e1sok c\u00edmk\u00e9zett t\u00e9telk\u00e9nt szerepeln\u00e9nek a b\u00fcdzs\u00e9ben. Ez azt jelenti, hogy kiz\u00e1r\u00f3lag a tank\u00f6nyvekre lehet majd ford\u00edtani ezeket az \u00f6sszegeket.<br \/>\n<div style=\"width: 640px;\" class=\"wp-video\"><!--[if lt IE 9]><script>document.createElement('video');<\/script><![endif]-->\n<video class=\"wp-video-shortcode\" id=\"video-25895-1\" width=\"640\" height=\"360\" preload=\"metadata\" controls=\"controls\"><source type=\"video\/mp4\" src=\"\/spots\/hir\/hir_110724_02.mp4?_=1\" \/><a href=\"\/spots\/hir\/hir_110724_02.mp4\">\/spots\/hir\/hir_110724_02.mp4<\/a><\/video><\/div><\/p>\n","protected":false},"excerpt":{"rendered":"<p>8 nap m\u00falva m\u00e1r szeptembert \u00edrunk, indul az \u00faj tan\u00e9v. Az iskol\u00e1kban elkezd\u0151d\u00f6tt a tank\u00f6nyvek \u00e1rus\u00edt\u00e1sa. A Belv\u00e1rosi \u00c1ltal\u00e1nos Iskol\u00e1ban ma d\u00e9lut\u00e1nt\u00f3l h\u00e1rom napon \u00e1t vehet\u0151k \u00e1t a k\u00f6nyvek, munkaf\u00fczetek. Szolnokon tavaly 4500 gyermek kapott ingyen tank\u00f6nyveket, friss adatok m\u00e9g nincsenek. Tank\u00f6nyvbojkott\u00f3l hangos az orsz\u00e1gos sajt\u00f3, Szolnokon nincs gond. Itt ugyanis a fejenk\u00e9nti 12 ezer [&hellip;]<\/p>\n","protected":false},"author":2,"featured_media":0,"comment_status":"open","ping_status":"open","sticky":false,"template":"","format":"standard","meta":[],"categories":[21],"tags":[],"_links":{"self":[{"href":"http:\/\/archiv.szolnoktv.hu\/index.php?rest_route=\/wp\/v2\/posts\/25895"}],"collection":[{"href":"http:\/\/archiv.szolnoktv.hu\/index.php?rest_route=\/wp\/v2\/posts"}],"about":[{"href":"http:\/\/archiv.szolnoktv.hu\/index.php?rest_route=\/wp\/v2\/types\/post"}],"author":[{"embeddable":true,"href":"http:\/\/archiv.szolnoktv.hu\/index.php?rest_route=\/wp\/v2\/users\/2"}],"replies":[{"embeddable":true,"href":"http:\/\/archiv.szolnoktv.hu\/index.php?rest_route=%2Fwp%2Fv2%2Fcomments&post=25895"}],"version-history":[{"count":1,"href":"http:\/\/archiv.szolnoktv.hu\/index.php?rest_route=\/wp\/v2\/posts\/25895\/revisions"}],"predecessor-version":[{"id":25954,"href":"http:\/\/archiv.szolnoktv.hu\/index.php?rest_route=\/wp\/v2\/posts\/25895\/revisions\/25954"}],"wp:attachment":[{"href":"http:\/\/archiv.szolnoktv.hu\/index.php?rest_route=%2Fwp%2Fv2%2Fmedia&parent=25895"}],"wp:term":[{"taxonomy":"category","embeddable":true,"href":"http:\/\/archiv.szolnoktv.hu\/index.php?rest_route=%2Fwp%2Fv2%2Fcategories&post=25895"},{"taxonomy":"post_tag","embeddable":true,"href":"http:\/\/archiv.szolnoktv.hu\/index.php?rest_route=%2Fwp%2Fv2%2Ftags&post=25895"}],"curies":[{"name":"wp","href":"https:\/\/api.w.org\/{rel}","templated":true}]}}