{"id":25894,"date":"2011-08-24T17:03:53","date_gmt":"2011-08-24T17:03:53","guid":{"rendered":"http:\/\/archiv.szolnoktv.hu\/?p=25894"},"modified":"2021-10-28T17:31:33","modified_gmt":"2021-10-28T17:31:33","slug":"a-hosegben-is-dolgoznak","status":"publish","type":"post","link":"http:\/\/archiv.szolnoktv.hu\/?p=25894","title":{"rendered":"A h\u0151s\u00e9gben is dolgoznak"},"content":{"rendered":"<div class='booster-block booster-read-block'><\/div><p>Szolnokon ma legkevesebb 36 fokot mutattak a h\u0151m\u00e9r\u0151k. A legmagasabb fok\u00fa h\u0151s\u00e9griad\u00f3 az orsz\u00e1g eg\u00e9sz ter\u00fclet\u00e9re \u00e9rv\u00e9nyes. Ezt egy\u00e9bk\u00e9nt akkor rendelik el, ha h\u00e1rom napon kereszt\u00fcl tart\u00f3san magas  h\u0151m\u00e9rs\u00e9klet v\u00e1rhat\u00f3, \u00e9s \u00e9jszaka sem megy  h\u00fasz fok al\u00e1 a h\u0151m\u00e9r\u0151k higanysz\u00e1la. A h\u0151s\u00e9gben k\u00f6telez\u0151 a szabadban dolgoz\u00f3knak pihen\u0151id\u0151t \u00e9s v\u00e9d\u0151italt biztos\u00edtani, ezt ellen\u0151rizte a szakhat\u00f3s\u00e1g ma t\u00f6bb helysz\u00ednen is.<br \/>\n<br \/> Hideg v\u00edz \u00e9s rendszeres pihen\u0151id\u0151. \u00cdgy v\u00e9dekeznek az \u00e9p\u00edtkez\u00e9seken dolgoz\u00f3k a szinte m\u00e1r elviselhetetlen h\u0151s\u00e9gben. Ahol van \u00e1ram, ott h\u0171t\u0151ben, ahol nincs, ott h\u0171t\u0151t\u00e1sk\u00e1ban tartj\u00e1k a folyad\u00e9kot. Ha az \u00e9p\u00edtkez\u00e9seken olykor munkav\u00e9delmi hi\u00e1nyoss\u00e1gok el\u0151 is fordulnak, arra nagyon figyelnek az \u00e9p\u00edt\u00e9svezet\u0151k, c\u00e9gvezet\u0151k, hogy hideg v\u00edzben ne szenvedjenek hi\u00e1nyt a munk\u00e1sok. Erre terjed ki a megyei korm\u00e1nyhivatal kedden indult munkav\u00e9delmi ellen\u0151rz\u00e9se is. -A munk\u00e1ltat\u00f3k folyamatosan figyelnek a munkav\u00e1llal\u00f3ikra. V\u00e9d\u0151itallal ell\u00e1tj\u00e1k, az 5-10 perces pihen\u0151id\u0151t biztos\u00edtj\u00e1k \u00f3r\u00e1nk\u00e9nt a r\u00e9sz\u00fckre. H\u0171v\u00f6s helyet a pihen\u00e9shez. -mondta a megyei korm\u00e1nyhivatal munkav\u00e9delmi \u00e9s munka\u00fcgyi szakigazgat\u00e1si szerv\u00e9nek igazgat\u00f3ja. Az akci\u00f3 ideje alatt kedd \u00f3ta h\u00fasz helyen j\u00e1rtak az ellen\u0151r\u00f6k. Eddig semmilyen hib\u00e1t, hi\u00e1nyoss\u00e1got nem vettek fel a jegyz\u0151k\u00f6nyvbe. Am\u00edg tart a h\u0151s\u00e9griad\u00f3, addig az ellen\u0151rz\u00e9sekre is sz\u00e1m\u00edtani kell.<br \/>\n<div style=\"width: 640px;\" class=\"wp-video\"><!--[if lt IE 9]><script>document.createElement('video');<\/script><![endif]-->\n<video class=\"wp-video-shortcode\" id=\"video-25894-1\" width=\"640\" height=\"360\" preload=\"metadata\" controls=\"controls\"><source type=\"video\/mp4\" src=\"\/spots\/hir\/hir_110824_05.mp4?_=1\" \/><a href=\"\/spots\/hir\/hir_110824_05.mp4\">\/spots\/hir\/hir_110824_05.mp4<\/a><\/video><\/div><\/p>\n","protected":false},"excerpt":{"rendered":"<p>Szolnokon ma legkevesebb 36 fokot mutattak a h\u0151m\u00e9r\u0151k. A legmagasabb fok\u00fa h\u0151s\u00e9griad\u00f3 az orsz\u00e1g eg\u00e9sz ter\u00fclet\u00e9re \u00e9rv\u00e9nyes. Ezt egy\u00e9bk\u00e9nt akkor rendelik el, ha h\u00e1rom napon kereszt\u00fcl tart\u00f3san magas h\u0151m\u00e9rs\u00e9klet v\u00e1rhat\u00f3, \u00e9s \u00e9jszaka sem megy h\u00fasz fok al\u00e1 a h\u0151m\u00e9r\u0151k higanysz\u00e1la. A h\u0151s\u00e9gben k\u00f6telez\u0151 a szabadban dolgoz\u00f3knak pihen\u0151id\u0151t \u00e9s v\u00e9d\u0151italt biztos\u00edtani, ezt ellen\u0151rizte a szakhat\u00f3s\u00e1g ma [&hellip;]<\/p>\n","protected":false},"author":2,"featured_media":0,"comment_status":"open","ping_status":"open","sticky":false,"template":"","format":"standard","meta":[],"categories":[21],"tags":[],"_links":{"self":[{"href":"http:\/\/archiv.szolnoktv.hu\/index.php?rest_route=\/wp\/v2\/posts\/25894"}],"collection":[{"href":"http:\/\/archiv.szolnoktv.hu\/index.php?rest_route=\/wp\/v2\/posts"}],"about":[{"href":"http:\/\/archiv.szolnoktv.hu\/index.php?rest_route=\/wp\/v2\/types\/post"}],"author":[{"embeddable":true,"href":"http:\/\/archiv.szolnoktv.hu\/index.php?rest_route=\/wp\/v2\/users\/2"}],"replies":[{"embeddable":true,"href":"http:\/\/archiv.szolnoktv.hu\/index.php?rest_route=%2Fwp%2Fv2%2Fcomments&post=25894"}],"version-history":[{"count":1,"href":"http:\/\/archiv.szolnoktv.hu\/index.php?rest_route=\/wp\/v2\/posts\/25894\/revisions"}],"predecessor-version":[{"id":25955,"href":"http:\/\/archiv.szolnoktv.hu\/index.php?rest_route=\/wp\/v2\/posts\/25894\/revisions\/25955"}],"wp:attachment":[{"href":"http:\/\/archiv.szolnoktv.hu\/index.php?rest_route=%2Fwp%2Fv2%2Fmedia&parent=25894"}],"wp:term":[{"taxonomy":"category","embeddable":true,"href":"http:\/\/archiv.szolnoktv.hu\/index.php?rest_route=%2Fwp%2Fv2%2Fcategories&post=25894"},{"taxonomy":"post_tag","embeddable":true,"href":"http:\/\/archiv.szolnoktv.hu\/index.php?rest_route=%2Fwp%2Fv2%2Ftags&post=25894"}],"curies":[{"name":"wp","href":"https:\/\/api.w.org\/{rel}","templated":true}]}}