{"id":25893,"date":"2011-08-24T14:40:10","date_gmt":"2011-08-24T14:40:10","guid":{"rendered":"http:\/\/archiv.szolnoktv.hu\/?p=25893"},"modified":"2021-10-28T17:31:34","modified_gmt":"2021-10-28T17:31:34","slug":"zenevel-az-olvasasert","status":"publish","type":"post","link":"http:\/\/archiv.szolnoktv.hu\/?p=25893","title":{"rendered":"Zen\u00e9vel az olvas\u00e1s\u00e9rt"},"content":{"rendered":"<div class='booster-block booster-read-block'><\/div><p>Az olvas\u00f3v\u00e1 nevel\u00e9st c\u00e9lozza a Hild Viktor V\u00e1rosi K\u00f6nyvt\u00e1r T\u00c1MOP-os p\u00e1ly\u00e1zata. A 4 mes\u00e9s, zen\u00e9s, irodalmi el\u0151ad\u00e1sb\u00f3l \u00e1ll\u00f3 programsorozat utols\u00f3 alkalm\u00e1n a Kiskal\u00e1sz zenekarral tal\u00e1lkozhattak a Sz\u00e9chenyi v\u00e1rosr\u00e9szben \u00e9l\u0151 gyermekek. rn<br \/>\n<br \/> Megzen\u00e9s\u00edtett versek seg\u00edtik meg\u00e9rezni a versek ritmus\u00e1t, majd megszeretni az olvas\u00e1st \u00e9s az ig\u00e9nyes irodalmat.  A Hild Viktor V\u00e1rosi k\u00f6nyvt\u00e1r nyertes p\u00e1ly\u00e1zata seg\u00edts\u00e9g\u00e9vel nevelik olvas\u00f3v\u00e1 a cs\u00f6pps\u00e9geket. K\u00e9p: 27rnA programsorozat utols\u00f3 esem\u00e9ny\u00e9n a Kiskal\u00e1sz zenekar adott koncertet. rnA R\u00fazsa Magdival, Hob\u00f3val, Ghymessel, Mak\u00e1mmal, D\u00e9s L\u00e1szl\u00f3val dolgoz\u00f3 zen\u00e9szek nagy f\u00e1ba v\u00e1gt\u00e1k a fejsz\u00e9j\u00fcket, amikor 2 \u00e9ve gyermek-zenekart alap\u00edtottak. Gyerekeknek zen\u00e9lni ugyanis k\u00fcl\u00f6n\u00f6sen neh\u00e9z. Akusztikus hangszereikkel frenetikus hangulatot teremtettek, Bartos Erika megzen\u00e9s\u00edtett verseit adt\u00e1k el\u0151.  A lak\u00f3telepen \u00e9l\u0151 gyerekek pedig mindenben partnerek voltak. A k\u00f6nyvt\u00e1r bab\u00e1z\u00f3 klubj\u00e1ra \u00e9rkez\u0151 apr\u00f3s\u00e1gok ugyan\u00fagy \u00e9lvezt\u00e9k az el\u0151ad\u00e1st, mint  a lak\u00f3telep \u00f3vod\u00e1sai. A program lez\u00e1rult, \u00e1m a k\u00f6nyvt\u00e1r tov\u00e1bbra is v\u00e1rja az olvasni v\u00e1gy\u00f3 gyerekeket.<br \/>\n<div style=\"width: 640px;\" class=\"wp-video\"><!--[if lt IE 9]><script>document.createElement('video');<\/script><![endif]-->\n<video class=\"wp-video-shortcode\" id=\"video-25893-1\" width=\"640\" height=\"360\" preload=\"metadata\" controls=\"controls\"><source type=\"video\/mp4\" src=\"\/spots\/hir\/hir_110824_01.mp4?_=1\" \/><a href=\"\/spots\/hir\/hir_110824_01.mp4\">\/spots\/hir\/hir_110824_01.mp4<\/a><\/video><\/div><\/p>\n","protected":false},"excerpt":{"rendered":"<p>Az olvas\u00f3v\u00e1 nevel\u00e9st c\u00e9lozza a Hild Viktor V\u00e1rosi K\u00f6nyvt\u00e1r T\u00c1MOP-os p\u00e1ly\u00e1zata. A 4 mes\u00e9s, zen\u00e9s, irodalmi el\u0151ad\u00e1sb\u00f3l \u00e1ll\u00f3 programsorozat utols\u00f3 alkalm\u00e1n a Kiskal\u00e1sz zenekarral tal\u00e1lkozhattak a Sz\u00e9chenyi v\u00e1rosr\u00e9szben \u00e9l\u0151 gyermekek. rn Megzen\u00e9s\u00edtett versek seg\u00edtik meg\u00e9rezni a versek ritmus\u00e1t, majd megszeretni az olvas\u00e1st \u00e9s az ig\u00e9nyes irodalmat. A Hild Viktor V\u00e1rosi k\u00f6nyvt\u00e1r nyertes p\u00e1ly\u00e1zata seg\u00edts\u00e9g\u00e9vel nevelik [&hellip;]<\/p>\n","protected":false},"author":2,"featured_media":0,"comment_status":"open","ping_status":"open","sticky":false,"template":"","format":"standard","meta":[],"categories":[21],"tags":[],"_links":{"self":[{"href":"http:\/\/archiv.szolnoktv.hu\/index.php?rest_route=\/wp\/v2\/posts\/25893"}],"collection":[{"href":"http:\/\/archiv.szolnoktv.hu\/index.php?rest_route=\/wp\/v2\/posts"}],"about":[{"href":"http:\/\/archiv.szolnoktv.hu\/index.php?rest_route=\/wp\/v2\/types\/post"}],"author":[{"embeddable":true,"href":"http:\/\/archiv.szolnoktv.hu\/index.php?rest_route=\/wp\/v2\/users\/2"}],"replies":[{"embeddable":true,"href":"http:\/\/archiv.szolnoktv.hu\/index.php?rest_route=%2Fwp%2Fv2%2Fcomments&post=25893"}],"version-history":[{"count":1,"href":"http:\/\/archiv.szolnoktv.hu\/index.php?rest_route=\/wp\/v2\/posts\/25893\/revisions"}],"predecessor-version":[{"id":25956,"href":"http:\/\/archiv.szolnoktv.hu\/index.php?rest_route=\/wp\/v2\/posts\/25893\/revisions\/25956"}],"wp:attachment":[{"href":"http:\/\/archiv.szolnoktv.hu\/index.php?rest_route=%2Fwp%2Fv2%2Fmedia&parent=25893"}],"wp:term":[{"taxonomy":"category","embeddable":true,"href":"http:\/\/archiv.szolnoktv.hu\/index.php?rest_route=%2Fwp%2Fv2%2Fcategories&post=25893"},{"taxonomy":"post_tag","embeddable":true,"href":"http:\/\/archiv.szolnoktv.hu\/index.php?rest_route=%2Fwp%2Fv2%2Ftags&post=25893"}],"curies":[{"name":"wp","href":"https:\/\/api.w.org\/{rel}","templated":true}]}}