{"id":25892,"date":"2011-08-24T14:14:40","date_gmt":"2011-08-24T14:14:40","guid":{"rendered":"http:\/\/archiv.szolnoktv.hu\/?p=25892"},"modified":"2021-10-28T17:31:34","modified_gmt":"2021-10-28T17:31:34","slug":"felepult-a-bolcsode-nagykoruben","status":"publish","type":"post","link":"http:\/\/archiv.szolnoktv.hu\/?p=25892","title":{"rendered":"Fel\u00e9p\u00fclt a b\u00f6lcs\u00f6de Nagyk\u00f6r\u0171ben"},"content":{"rendered":"<div class='booster-block booster-read-block'><\/div><p>R\u00e9gi \u00e1lmuk v\u00e1lt val\u00f3ra a nagyk\u00f6r\u0171ieknek azzal, hogy 79 \u00e9s f\u00e9l milli\u00f3 forintos uni\u00f3s t\u00e1mogat\u00e1ssal fel\u00e9p\u00fclt a telep\u00fcl\u00e9s egyetlen b\u00f6lcs\u00f6d\u00e9je. Az \u00e9p\u00fclet belseje egyel\u0151re m\u00e9g \u00fcres &#8211; a b\u00fatorok \u00e9s a k\u00fcl\u00f6nb\u00f6z\u0151 j\u00e1t\u00e9kok csak k\u00e9s\u0151bb \u00e9rkeznek. Az int\u00e9zm\u00e9ny ez\u00e9rt v\u00e1rhat\u00f3an majd novemberben nyitja meg kapuit.<br \/>\n<br \/>Az \u00f6lt\u00f6z\u0151helyis\u00e9get mutatja M\u00e9sz\u00e1ros Ildik\u00f3 projektmenedszer, amelyet a benne \u00e1ll\u00f3 cseresznyef\u00e1n k\u00edv\u00fcl k\u00f6r alakja tesz m\u00e9g egyediv\u00e9. Az int\u00e9zm\u00e9nybe 26 gyermeket tudnak felvenni, \u0151ket k\u00e9t csoportra osztj\u00e1k majd. A tervek szerint november elej\u00e9n nyitja meg kapuit a Cseresznyemag B\u00f6lcs\u00f6de, v\u00e1rhat\u00f3an teljes kihaszn\u00e1lts\u00e1ggal. A termeket k\u00e9s\u0151bb rendezik be b\u00fatorokkal, k\u00fcl\u00f6nb\u00f6z\u0151 j\u00e1t\u00e9kokkal. Az udvar sem teljes m\u00e9g, azon is kell m\u00e9g dolgozni. \u00c9s persze cs\u00faszda valamint m\u00e1sz\u00f3ka is. Az 1650 lelket sz\u00e1ml\u00e1l\u00f3 Nagyk\u00f6r\u0171 is k\u00fczd az el\u00f6reged\u00e9ssel \u00e9s az elv\u00e1ndorl\u00e1ssal, a most elk\u00e9sz\u00fclt b\u00f6lcs\u00f6de a folyamat meg\u00e1ll\u00edt\u00e1s\u00e1nak lehet az egyik l\u00e9pcs\u0151foka. A b\u00f6lcs\u00f6de 88 \u00e9s f\u00e9l milli\u00f3 forintb\u00f3l \u00e9p\u00fclt fel melynek 90 sz\u00e1zal\u00e9k\u00e1t, azaz 79 \u00e9s f\u00e9l milli\u00f3 forintot uni\u00f3s t\u00e1mogat\u00e1s fedezett.<br \/>\n<div style=\"width: 640px;\" class=\"wp-video\"><!--[if lt IE 9]><script>document.createElement('video');<\/script><![endif]-->\n<video class=\"wp-video-shortcode\" id=\"video-25892-1\" width=\"640\" height=\"360\" preload=\"metadata\" controls=\"controls\"><source type=\"video\/mp4\" src=\"\/spots\/hir\/hir_110824_02.mp4?_=1\" \/><a href=\"\/spots\/hir\/hir_110824_02.mp4\">\/spots\/hir\/hir_110824_02.mp4<\/a><\/video><\/div><\/p>\n","protected":false},"excerpt":{"rendered":"<p>R\u00e9gi \u00e1lmuk v\u00e1lt val\u00f3ra a nagyk\u00f6r\u0171ieknek azzal, hogy 79 \u00e9s f\u00e9l milli\u00f3 forintos uni\u00f3s t\u00e1mogat\u00e1ssal fel\u00e9p\u00fclt a telep\u00fcl\u00e9s egyetlen b\u00f6lcs\u00f6d\u00e9je. Az \u00e9p\u00fclet belseje egyel\u0151re m\u00e9g \u00fcres &#8211; a b\u00fatorok \u00e9s a k\u00fcl\u00f6nb\u00f6z\u0151 j\u00e1t\u00e9kok csak k\u00e9s\u0151bb \u00e9rkeznek. Az int\u00e9zm\u00e9ny ez\u00e9rt v\u00e1rhat\u00f3an majd novemberben nyitja meg kapuit. Az \u00f6lt\u00f6z\u0151helyis\u00e9get mutatja M\u00e9sz\u00e1ros Ildik\u00f3 projektmenedszer, amelyet a benne \u00e1ll\u00f3 [&hellip;]<\/p>\n","protected":false},"author":2,"featured_media":0,"comment_status":"open","ping_status":"open","sticky":false,"template":"","format":"standard","meta":[],"categories":[21],"tags":[],"_links":{"self":[{"href":"http:\/\/archiv.szolnoktv.hu\/index.php?rest_route=\/wp\/v2\/posts\/25892"}],"collection":[{"href":"http:\/\/archiv.szolnoktv.hu\/index.php?rest_route=\/wp\/v2\/posts"}],"about":[{"href":"http:\/\/archiv.szolnoktv.hu\/index.php?rest_route=\/wp\/v2\/types\/post"}],"author":[{"embeddable":true,"href":"http:\/\/archiv.szolnoktv.hu\/index.php?rest_route=\/wp\/v2\/users\/2"}],"replies":[{"embeddable":true,"href":"http:\/\/archiv.szolnoktv.hu\/index.php?rest_route=%2Fwp%2Fv2%2Fcomments&post=25892"}],"version-history":[{"count":1,"href":"http:\/\/archiv.szolnoktv.hu\/index.php?rest_route=\/wp\/v2\/posts\/25892\/revisions"}],"predecessor-version":[{"id":25957,"href":"http:\/\/archiv.szolnoktv.hu\/index.php?rest_route=\/wp\/v2\/posts\/25892\/revisions\/25957"}],"wp:attachment":[{"href":"http:\/\/archiv.szolnoktv.hu\/index.php?rest_route=%2Fwp%2Fv2%2Fmedia&parent=25892"}],"wp:term":[{"taxonomy":"category","embeddable":true,"href":"http:\/\/archiv.szolnoktv.hu\/index.php?rest_route=%2Fwp%2Fv2%2Fcategories&post=25892"},{"taxonomy":"post_tag","embeddable":true,"href":"http:\/\/archiv.szolnoktv.hu\/index.php?rest_route=%2Fwp%2Fv2%2Ftags&post=25892"}],"curies":[{"name":"wp","href":"https:\/\/api.w.org\/{rel}","templated":true}]}}